{"id":29070,"date":"2018-08-02T17:21:32","date_gmt":"2018-08-02T17:21:32","guid":{"rendered":"https:\/\/www.constantinianorder.net\/puglie-e-basilicata-consegna-del-diploma-al-presidente-emiliano-2\/"},"modified":"2026-01-15T17:38:40","modified_gmt":"2026-01-15T17:38:40","slug":"puglie-y-basilicata-entrega-del-diploma-al-presidente-emiliano","status":"publish","type":"post","link":"https:\/\/svil.constantinianorder.com\/es\/puglie-y-basilicata-entrega-del-diploma-al-presidente-emiliano\/","title":{"rendered":"PUGLIE Y BASILICATA &#8211; ENTREGA DEL DIPLOMA AL PRESIDENTE EMILIANO"},"content":{"rendered":"<p><img loading=\"lazy\" decoding=\"async\" class=\"alignleft size-medium wp-image-28914\" src=\"https:\/\/svil.constantinianorder.com\/wp-content\/uploads\/2018\/08\/Michele-Emiliano-300x225.jpeg\" alt=\"Michele Emiliano\" width=\"300\" height=\"225\" \/><strong>Bari, 2 de agosto de 2018<\/strong> &#8211; Con motivo de una visita privada, el Delegado, el Sr. Ugo Patroni Griffi,\u00a0dio al Presidente de la Regi\u00f3n, el Sr. Michele Emiliano, el diploma de nombramiento como\u00a0Comendador de M\u00e9rito\u00a0con placa.<br \/>\nDurante la reuni\u00f3n se presentaron las pr\u00f3ximas actividades que se llevar\u00e1n a cabo en la delegaci\u00f3n.<\/p>\n<p>&nbsp;<\/p>\n","protected":false},"excerpt":{"rendered":"<p>Bari, 2 de agosto de 2018 &#8211; Con motivo de una visita privada, el Delegado, el Sr. Ugo Patroni Griffi,\u00a0dio al Presidente de la Regi\u00f3n, el Sr. Michele Emiliano, el diploma de nombramiento como\u00a0Comendador de M\u00e9rito\u00a0con placa. Durante la reuni\u00f3n se presentaron las pr\u00f3ximas actividades que se llevar\u00e1n a cabo en la delegaci\u00f3n. &nbsp;<\/p>\n","protected":false},"author":1,"featured_media":0,"comment_status":"closed","ping_status":"open","sticky":false,"template":"","format":"standard","meta":{"footnotes":""},"categories":[187,303],"tags":[],"class_list":["post-29070","post","type-post","status-publish","format-standard","hentry","category-comunicados-del-gran-magisterio","category-delegacion-de-puglia-y-basilicata"],"_links":{"self":[{"href":"https:\/\/svil.constantinianorder.com\/es\/wp-json\/wp\/v2\/posts\/29070","targetHints":{"allow":["GET"]}}],"collection":[{"href":"https:\/\/svil.constantinianorder.com\/es\/wp-json\/wp\/v2\/posts"}],"about":[{"href":"https:\/\/svil.constantinianorder.com\/es\/wp-json\/wp\/v2\/types\/post"}],"author":[{"embeddable":true,"href":"https:\/\/svil.constantinianorder.com\/es\/wp-json\/wp\/v2\/users\/1"}],"replies":[{"embeddable":true,"href":"https:\/\/svil.constantinianorder.com\/es\/wp-json\/wp\/v2\/comments?post=29070"}],"version-history":[{"count":1,"href":"https:\/\/svil.constantinianorder.com\/es\/wp-json\/wp\/v2\/posts\/29070\/revisions"}],"predecessor-version":[{"id":58495,"href":"https:\/\/svil.constantinianorder.com\/es\/wp-json\/wp\/v2\/posts\/29070\/revisions\/58495"}],"wp:attachment":[{"href":"https:\/\/svil.constantinianorder.com\/es\/wp-json\/wp\/v2\/media?parent=29070"}],"wp:term":[{"taxonomy":"category","embeddable":true,"href":"https:\/\/svil.constantinianorder.com\/es\/wp-json\/wp\/v2\/categories?post=29070"},{"taxonomy":"post_tag","embeddable":true,"href":"https:\/\/svil.constantinianorder.com\/es\/wp-json\/wp\/v2\/tags?post=29070"}],"curies":[{"name":"wp","href":"https:\/\/api.w.org\/{rel}","templated":true}]}}