{"id":29108,"date":"2018-07-31T18:05:46","date_gmt":"2018-07-31T18:05:46","guid":{"rendered":"https:\/\/www.constantinianorder.net\/sicilia-noto-il-gran-prefetto-partecipa-alla-donazione-briciole-di-salute-e-incontro-col-vescovo-noto-2\/"},"modified":"2026-01-15T17:38:29","modified_gmt":"2026-01-15T17:38:29","slug":"sicilia-el-gran-prefecto-participa-en-una-donacion-en-noto","status":"publish","type":"post","link":"https:\/\/svil.constantinianorder.com\/es\/sicilia-el-gran-prefecto-participa-en-una-donacion-en-noto\/","title":{"rendered":"SICILIA \u2013 EL GRAN PREFECTO PARTICIPA EN UNA DONACION EN NOTO"},"content":{"rendered":"<p><img loading=\"lazy\" decoding=\"async\" class=\"alignleft size-medium wp-image-28926\" src=\"https:\/\/svil.constantinianorder.com\/wp-content\/uploads\/2018\/08\/visita-al-Vescovo-di-Noto-2-300x269.jpg\" alt=\"visita al Vescovo di Noto (2)\" width=\"300\" height=\"269\" \/>El 30 de julio S.A.R. la Princesa Beatriz de Borb\u00f3n de las Dos Sicilias, Gran Prefecto, acompa\u00f1ada por el\u00a0Vice Delegado, el Sr. Di Janni y algunos caballeros, visit\u00f3 la cantina de S. Corrado, dirigida por Padre Volantino. La\u00a0cantina fue fuertemente deseada y realizada por el Obispo de Noto S.E. Msgr. Antonio Staglian\u00f2.<br \/>\nEn la ocasi\u00f3n, se realiz\u00f3 una donaci\u00f3n.<\/p>\n<p>&nbsp;<\/p>\n<p><!--more--><br \/>\n<img loading=\"lazy\" decoding=\"async\" class=\"alignleft size-medium wp-image-28925\" src=\"https:\/\/svil.constantinianorder.com\/wp-content\/uploads\/2018\/08\/Noto-briciole-di-salute-300x242.jpg\" alt=\"Noto briciole di salute\" width=\"300\" height=\"242\" \/>Despu\u00e9s de la donaci\u00f3n, S.E. Msgr. Staglian\u00f2 recibi\u00f3 a una peque\u00f1a delegaci\u00f3n y le agradeci\u00f3 por su ayuda incesante a la comunidad.<\/p>\n","protected":false},"excerpt":{"rendered":"<p>El 30 de julio S.A.R. la Princesa Beatriz de Borb\u00f3n de las Dos Sicilias, Gran Prefecto, acompa\u00f1ada por el\u00a0Vice Delegado, el Sr. Di Janni y algunos caballeros, visit\u00f3 la cantina de S. Corrado, dirigida por Padre Volantino. La\u00a0cantina fue fuertemente deseada y realizada por el Obispo de Noto S.E. Msgr. Antonio Staglian\u00f2. En la ocasi\u00f3n, [&hellip;]<\/p>\n","protected":false},"author":1,"featured_media":0,"comment_status":"closed","ping_status":"open","sticky":false,"template":"","format":"standard","meta":{"footnotes":""},"categories":[167],"tags":[],"class_list":["post-29108","post","type-post","status-publish","format-standard","hentry","category-delegacion-de-la-sicilia"],"_links":{"self":[{"href":"https:\/\/svil.constantinianorder.com\/es\/wp-json\/wp\/v2\/posts\/29108","targetHints":{"allow":["GET"]}}],"collection":[{"href":"https:\/\/svil.constantinianorder.com\/es\/wp-json\/wp\/v2\/posts"}],"about":[{"href":"https:\/\/svil.constantinianorder.com\/es\/wp-json\/wp\/v2\/types\/post"}],"author":[{"embeddable":true,"href":"https:\/\/svil.constantinianorder.com\/es\/wp-json\/wp\/v2\/users\/1"}],"replies":[{"embeddable":true,"href":"https:\/\/svil.constantinianorder.com\/es\/wp-json\/wp\/v2\/comments?post=29108"}],"version-history":[{"count":1,"href":"https:\/\/svil.constantinianorder.com\/es\/wp-json\/wp\/v2\/posts\/29108\/revisions"}],"predecessor-version":[{"id":58475,"href":"https:\/\/svil.constantinianorder.com\/es\/wp-json\/wp\/v2\/posts\/29108\/revisions\/58475"}],"wp:attachment":[{"href":"https:\/\/svil.constantinianorder.com\/es\/wp-json\/wp\/v2\/media?parent=29108"}],"wp:term":[{"taxonomy":"category","embeddable":true,"href":"https:\/\/svil.constantinianorder.com\/es\/wp-json\/wp\/v2\/categories?post=29108"},{"taxonomy":"post_tag","embeddable":true,"href":"https:\/\/svil.constantinianorder.com\/es\/wp-json\/wp\/v2\/tags?post=29108"}],"curies":[{"name":"wp","href":"https:\/\/api.w.org\/{rel}","templated":true}]}}