{"id":29189,"date":"2018-08-27T17:06:49","date_gmt":"2018-08-27T17:06:49","guid":{"rendered":"https:\/\/www.constantinianorder.net\/mazara-del-vallo-26-agosto-2018-festa-di-s-vito-2\/"},"modified":"2026-01-15T17:38:56","modified_gmt":"2026-01-15T17:38:56","slug":"mazara-del-vallo-26-de-agosto-de-2018","status":"publish","type":"post","link":"https:\/\/svil.constantinianorder.com\/es\/mazara-del-vallo-26-de-agosto-de-2018\/","title":{"rendered":"MAZARA DEL VALLO 26 DE AGOSTO DE 2018"},"content":{"rendered":"<p><img loading=\"lazy\" decoding=\"async\" class=\"alignleft size-medium wp-image-29183\" src=\"https:\/\/svil.constantinianorder.com\/wp-content\/uploads\/2018\/09\/FDCFC071-BDB9-45A3-BC7F-915B4ABA8F37-300x225.jpeg\" alt=\"FDCFC071-BDB9-45A3-BC7F-915B4ABA8F37\" width=\"300\" height=\"225\" \/>Cada \u00faltima semana de agosto, desde finales de 1700, se realiza en Mazara del Vallo una Fiesta para San Vito, co-protector de la ciudad. La fiesta, compuesta por varios eventos, termina con una procesi\u00f3n conmovedora.<\/p>\n<p><!--more--><\/p>\n<p><span lang=\"es\">Este a\u00f1o los Caballeros Constantinianos han participado en la solemne procesi\u00f3n gracias a la invitaci\u00f3n del Obispo de Mazara del Vallo, S.E. Msgr. Mogavero.<\/span><\/p>\n<p><img loading=\"lazy\" decoding=\"async\" class=\"alignleft size-medium wp-image-29182\" src=\"https:\/\/svil.constantinianorder.com\/wp-content\/uploads\/2018\/09\/IMG-20180827-WA0023-225x300.jpg\" alt=\"IMG-20180827-WA0023\" width=\"225\" height=\"300\" \/> <img loading=\"lazy\" decoding=\"async\" class=\"alignleft size-medium wp-image-29184\" src=\"https:\/\/svil.constantinianorder.com\/wp-content\/uploads\/2018\/09\/DE188BA2-97A8-4C52-B0A6-3AD1533776C4-300x225.jpeg\" alt=\"DE188BA2-97A8-4C52-B0A6-3AD1533776C4\" width=\"300\" height=\"225\" \/><\/p>\n","protected":false},"excerpt":{"rendered":"<p>Cada \u00faltima semana de agosto, desde finales de 1700, se realiza en Mazara del Vallo una Fiesta para San Vito, co-protector de la ciudad. La fiesta, compuesta por varios eventos, termina con una procesi\u00f3n conmovedora.<\/p>\n","protected":false},"author":1,"featured_media":0,"comment_status":"closed","ping_status":"open","sticky":false,"template":"","format":"standard","meta":{"footnotes":""},"categories":[167],"tags":[],"class_list":["post-29189","post","type-post","status-publish","format-standard","hentry","category-delegacion-de-la-sicilia"],"_links":{"self":[{"href":"https:\/\/svil.constantinianorder.com\/es\/wp-json\/wp\/v2\/posts\/29189","targetHints":{"allow":["GET"]}}],"collection":[{"href":"https:\/\/svil.constantinianorder.com\/es\/wp-json\/wp\/v2\/posts"}],"about":[{"href":"https:\/\/svil.constantinianorder.com\/es\/wp-json\/wp\/v2\/types\/post"}],"author":[{"embeddable":true,"href":"https:\/\/svil.constantinianorder.com\/es\/wp-json\/wp\/v2\/users\/1"}],"replies":[{"embeddable":true,"href":"https:\/\/svil.constantinianorder.com\/es\/wp-json\/wp\/v2\/comments?post=29189"}],"version-history":[{"count":1,"href":"https:\/\/svil.constantinianorder.com\/es\/wp-json\/wp\/v2\/posts\/29189\/revisions"}],"predecessor-version":[{"id":58531,"href":"https:\/\/svil.constantinianorder.com\/es\/wp-json\/wp\/v2\/posts\/29189\/revisions\/58531"}],"wp:attachment":[{"href":"https:\/\/svil.constantinianorder.com\/es\/wp-json\/wp\/v2\/media?parent=29189"}],"wp:term":[{"taxonomy":"category","embeddable":true,"href":"https:\/\/svil.constantinianorder.com\/es\/wp-json\/wp\/v2\/categories?post=29189"},{"taxonomy":"post_tag","embeddable":true,"href":"https:\/\/svil.constantinianorder.com\/es\/wp-json\/wp\/v2\/tags?post=29189"}],"curies":[{"name":"wp","href":"https:\/\/api.w.org\/{rel}","templated":true}]}}