{"id":29301,"date":"2018-09-13T14:28:59","date_gmt":"2018-09-13T14:28:59","guid":{"rendered":"https:\/\/www.constantinianorder.net\/toscana-donazione-alimentare-2-2\/"},"modified":"2026-01-15T17:39:11","modified_gmt":"2026-01-15T17:39:11","slug":"toscana-donacion-3","status":"publish","type":"post","link":"https:\/\/svil.constantinianorder.com\/es\/toscana-donacion-3\/","title":{"rendered":"TOSCANA: DONACION"},"content":{"rendered":"<p><img loading=\"lazy\" decoding=\"async\" class=\"alignnone size-medium wp-image-29296\" src=\"https:\/\/svil.constantinianorder.com\/wp-content\/uploads\/2018\/09\/02-300x225.jpg\" alt=\"02\" width=\"300\" height=\"225\" \/><\/p>\n<p><strong>San Martino in Freddana &#8211; Lucca, 11 de septiembre 2018<\/strong>. La Delegaci\u00f3n de Toscana,\u00a0guidada por el Vice Delegado, el Sr. Edoardo Puccetti, asistido por Padre Rodolfo Rossi, Vicario anterior y por el caballero Roberto Orlandi, Secretario de la delegaci\u00f3n, ha donado unos productos b\u00e1sicos para el centro C.A.I.P.I.T., dirigido por Padre Rodolfo Rossi. Los productos ser\u00e1n distribuidos a los necesitados de la comunidad.<\/p>\n<p><img loading=\"lazy\" decoding=\"async\" class=\"alignnone size-medium wp-image-29295\" src=\"https:\/\/svil.constantinianorder.com\/wp-content\/uploads\/2018\/09\/01-300x225.jpg\" alt=\"01\" width=\"300\" height=\"225\" \/><\/p>\n","protected":false},"excerpt":{"rendered":"<p>San Martino in Freddana &#8211; Lucca, 11 de septiembre 2018. La Delegaci\u00f3n de Toscana,\u00a0guidada por el Vice Delegado, el Sr. Edoardo Puccetti, asistido por Padre Rodolfo Rossi, Vicario anterior y por el caballero Roberto Orlandi, Secretario de la delegaci\u00f3n, ha donado unos productos b\u00e1sicos para el centro C.A.I.P.I.T., dirigido por Padre Rodolfo Rossi. Los productos [&hellip;]<\/p>\n","protected":false},"author":1,"featured_media":0,"comment_status":"closed","ping_status":"open","sticky":false,"template":"","format":"standard","meta":{"footnotes":""},"categories":[171],"tags":[],"class_list":["post-29301","post","type-post","status-publish","format-standard","hentry","category-delegacion-de-la-toscana"],"_links":{"self":[{"href":"https:\/\/svil.constantinianorder.com\/es\/wp-json\/wp\/v2\/posts\/29301","targetHints":{"allow":["GET"]}}],"collection":[{"href":"https:\/\/svil.constantinianorder.com\/es\/wp-json\/wp\/v2\/posts"}],"about":[{"href":"https:\/\/svil.constantinianorder.com\/es\/wp-json\/wp\/v2\/types\/post"}],"author":[{"embeddable":true,"href":"https:\/\/svil.constantinianorder.com\/es\/wp-json\/wp\/v2\/users\/1"}],"replies":[{"embeddable":true,"href":"https:\/\/svil.constantinianorder.com\/es\/wp-json\/wp\/v2\/comments?post=29301"}],"version-history":[{"count":1,"href":"https:\/\/svil.constantinianorder.com\/es\/wp-json\/wp\/v2\/posts\/29301\/revisions"}],"predecessor-version":[{"id":58563,"href":"https:\/\/svil.constantinianorder.com\/es\/wp-json\/wp\/v2\/posts\/29301\/revisions\/58563"}],"wp:attachment":[{"href":"https:\/\/svil.constantinianorder.com\/es\/wp-json\/wp\/v2\/media?parent=29301"}],"wp:term":[{"taxonomy":"category","embeddable":true,"href":"https:\/\/svil.constantinianorder.com\/es\/wp-json\/wp\/v2\/categories?post=29301"},{"taxonomy":"post_tag","embeddable":true,"href":"https:\/\/svil.constantinianorder.com\/es\/wp-json\/wp\/v2\/tags?post=29301"}],"curies":[{"name":"wp","href":"https:\/\/api.w.org\/{rel}","templated":true}]}}