{"id":29548,"date":"2018-09-15T12:19:59","date_gmt":"2018-09-15T12:19:59","guid":{"rendered":"https:\/\/www.constantinianorder.net\/triveneto-convegno-2\/"},"modified":"2026-01-15T17:39:14","modified_gmt":"2026-01-15T17:39:14","slug":"triveneto-conferencia","status":"publish","type":"post","link":"https:\/\/svil.constantinianorder.com\/es\/triveneto-conferencia\/","title":{"rendered":"TRIVENETO: CONFERENCIA"},"content":{"rendered":"<p><strong><img loading=\"lazy\" decoding=\"async\" class=\"alignnone size-medium wp-image-29544\" src=\"https:\/\/svil.constantinianorder.com\/wp-content\/uploads\/2018\/09\/triveneto-225x300.jpg\" alt=\"triveneto\" width=\"225\" height=\"300\" \/><\/strong><\/p>\n<p><strong>Limena &#8211; 15 de septiembre de 2018<\/strong>. El 15 de septiembre en Limena (Padua), se organiz\u00f3 una importante convenci\u00f3n organizada por el Sr. Alberto Lonigo, representante de Padua y Vicenza. Muchos profesores y eruditos de Roma y Mil\u00e1n participaron. La iniciativa y su tema (la defensa de la civilizaci\u00f3n cristiana y europea) son de gran relevancia. Los oradores, miembros de nuestra Santa Orden, llevaron a cabo este brillante estudio.<\/p>\n<p><img loading=\"lazy\" decoding=\"async\" class=\"alignnone size-medium wp-image-29543\" src=\"https:\/\/svil.constantinianorder.com\/wp-content\/uploads\/2018\/09\/triv-225x300.jpg\" alt=\"triv\" width=\"225\" height=\"300\" \/><\/p>\n","protected":false},"excerpt":{"rendered":"<p>Limena &#8211; 15 de septiembre de 2018. El 15 de septiembre en Limena (Padua), se organiz\u00f3 una importante convenci\u00f3n organizada por el Sr. Alberto Lonigo, representante de Padua y Vicenza. Muchos profesores y eruditos de Roma y Mil\u00e1n participaron. La iniciativa y su tema (la defensa de la civilizaci\u00f3n cristiana y europea) son de gran [&hellip;]<\/p>\n","protected":false},"author":1,"featured_media":0,"comment_status":"closed","ping_status":"open","sticky":false,"template":"","format":"standard","meta":{"footnotes":""},"categories":[214],"tags":[],"class_list":["post-29548","post","type-post","status-publish","format-standard","hentry","category-delegacion-del-triveneto"],"_links":{"self":[{"href":"https:\/\/svil.constantinianorder.com\/es\/wp-json\/wp\/v2\/posts\/29548","targetHints":{"allow":["GET"]}}],"collection":[{"href":"https:\/\/svil.constantinianorder.com\/es\/wp-json\/wp\/v2\/posts"}],"about":[{"href":"https:\/\/svil.constantinianorder.com\/es\/wp-json\/wp\/v2\/types\/post"}],"author":[{"embeddable":true,"href":"https:\/\/svil.constantinianorder.com\/es\/wp-json\/wp\/v2\/users\/1"}],"replies":[{"embeddable":true,"href":"https:\/\/svil.constantinianorder.com\/es\/wp-json\/wp\/v2\/comments?post=29548"}],"version-history":[{"count":1,"href":"https:\/\/svil.constantinianorder.com\/es\/wp-json\/wp\/v2\/posts\/29548\/revisions"}],"predecessor-version":[{"id":58571,"href":"https:\/\/svil.constantinianorder.com\/es\/wp-json\/wp\/v2\/posts\/29548\/revisions\/58571"}],"wp:attachment":[{"href":"https:\/\/svil.constantinianorder.com\/es\/wp-json\/wp\/v2\/media?parent=29548"}],"wp:term":[{"taxonomy":"category","embeddable":true,"href":"https:\/\/svil.constantinianorder.com\/es\/wp-json\/wp\/v2\/categories?post=29548"},{"taxonomy":"post_tag","embeddable":true,"href":"https:\/\/svil.constantinianorder.com\/es\/wp-json\/wp\/v2\/tags?post=29548"}],"curies":[{"name":"wp","href":"https:\/\/api.w.org\/{rel}","templated":true}]}}