{"id":29700,"date":"2018-10-10T13:09:37","date_gmt":"2018-10-10T13:09:37","guid":{"rendered":"https:\/\/www.constantinianorder.net\/emilia-romagna-concerto-per-il-cinquantesimo-di-sacerdozio-del-priore-della-delegazione-2\/"},"modified":"2026-01-15T17:44:34","modified_gmt":"2026-01-15T17:44:34","slug":"emilia-romana-concierto-para-el-prior-de-la-delegacion","status":"publish","type":"post","link":"https:\/\/svil.constantinianorder.com\/es\/emilia-romana-concierto-para-el-prior-de-la-delegacion\/","title":{"rendered":"EMILIA-ROMANA: CONCIERTO PARA EL PRIOR DE LA DELEGACI\u00d3N"},"content":{"rendered":"<p><img loading=\"lazy\" decoding=\"async\" class=\"alignnone size-medium wp-image-29693\" src=\"https:\/\/svil.constantinianorder.com\/wp-content\/uploads\/2018\/10\/EMILIA-ROMAGNA1-300x200.jpg\" alt=\"EMILIA ROMAGNA1\" width=\"300\" height=\"200\" \/><\/p>\n<p>El 30 de septiembre, un concierto excepcional dedicado a SE Mons. El Obispo Gianni Ambrosio, Obispo de la Di\u00f3cesis de Piacenza-Bobbio y Prior de la Delegaci\u00f3n, tuvo lugar en la Bas\u00edlica de Sant&#8217;Antonino. Tocaron prestigiosos artistas, dirigidos por Mauro Trombetta, y fueron calurosamente aplaudidos por una amplia audiencia de adoradores y autoridades. El delegado, el Sr. Corrado Sforza Fogliani, y el Vice Delegado, el Sr. Franco Marenghi, estuvieron presentes.<\/p>\n<p><img loading=\"lazy\" decoding=\"async\" class=\"alignnone size-medium wp-image-29694\" src=\"https:\/\/svil.constantinianorder.com\/wp-content\/uploads\/2018\/10\/EMILIA-ROMAGNA-300x200.jpg\" alt=\"EMILIA ROMAGNA\" width=\"300\" height=\"200\" \/><\/p>\n","protected":false},"excerpt":{"rendered":"<p>El 30 de septiembre, un concierto excepcional dedicado a SE Mons. El Obispo Gianni Ambrosio, Obispo de la Di\u00f3cesis de Piacenza-Bobbio y Prior de la Delegaci\u00f3n, tuvo lugar en la Bas\u00edlica de Sant&#8217;Antonino. Tocaron prestigiosos artistas, dirigidos por Mauro Trombetta, y fueron calurosamente aplaudidos por una amplia audiencia de adoradores y autoridades. El delegado, el [&hellip;]<\/p>\n","protected":false},"author":1,"featured_media":0,"comment_status":"closed","ping_status":"open","sticky":false,"template":"","format":"standard","meta":{"footnotes":""},"categories":[202],"tags":[],"class_list":["post-29700","post","type-post","status-publish","format-standard","hentry","category-delegacion-de-lemilia-romagna"],"_links":{"self":[{"href":"https:\/\/svil.constantinianorder.com\/es\/wp-json\/wp\/v2\/posts\/29700","targetHints":{"allow":["GET"]}}],"collection":[{"href":"https:\/\/svil.constantinianorder.com\/es\/wp-json\/wp\/v2\/posts"}],"about":[{"href":"https:\/\/svil.constantinianorder.com\/es\/wp-json\/wp\/v2\/types\/post"}],"author":[{"embeddable":true,"href":"https:\/\/svil.constantinianorder.com\/es\/wp-json\/wp\/v2\/users\/1"}],"replies":[{"embeddable":true,"href":"https:\/\/svil.constantinianorder.com\/es\/wp-json\/wp\/v2\/comments?post=29700"}],"version-history":[{"count":1,"href":"https:\/\/svil.constantinianorder.com\/es\/wp-json\/wp\/v2\/posts\/29700\/revisions"}],"predecessor-version":[{"id":58661,"href":"https:\/\/svil.constantinianorder.com\/es\/wp-json\/wp\/v2\/posts\/29700\/revisions\/58661"}],"wp:attachment":[{"href":"https:\/\/svil.constantinianorder.com\/es\/wp-json\/wp\/v2\/media?parent=29700"}],"wp:term":[{"taxonomy":"category","embeddable":true,"href":"https:\/\/svil.constantinianorder.com\/es\/wp-json\/wp\/v2\/categories?post=29700"},{"taxonomy":"post_tag","embeddable":true,"href":"https:\/\/svil.constantinianorder.com\/es\/wp-json\/wp\/v2\/tags?post=29700"}],"curies":[{"name":"wp","href":"https:\/\/api.w.org\/{rel}","templated":true}]}}