{"id":30222,"date":"2018-11-30T10:05:20","date_gmt":"2018-11-30T10:05:20","guid":{"rendered":"https:\/\/www.constantinianorder.net\/ll-aa-rr-i-principi-carlo-e-camilla-di-borbone-delle-due-sicilie-a-roma-2\/"},"modified":"2026-01-15T17:45:42","modified_gmt":"2026-01-15T17:45:42","slug":"ll-aa-rr-los-principes-carlos-y-camilla-de-borbon-de-las-dos-sicilias-en-roma","status":"publish","type":"post","link":"https:\/\/svil.constantinianorder.com\/es\/ll-aa-rr-los-principes-carlos-y-camilla-de-borbon-de-las-dos-sicilias-en-roma\/","title":{"rendered":"LL.AA.RR. LOS PRINCIPES CARLOS Y CAMILLA DE BORBON DE LAS DOS SICILIAS EN ROMA"},"content":{"rendered":"<p><img loading=\"lazy\" decoding=\"async\" class=\"alignnone size-full wp-image-18790\" src=\"https:\/\/svil.constantinianorder.com\/wp-content\/uploads\/2015\/05\/red_cross1.png\" alt=\"red_cross\" width=\"202\" height=\"145\" \/><\/p>\n<p><strong>LL.AA.RR. el Pr\u00edncipe Carlos y la Princesa Camilla de Borb\u00f3n de las Dos Sicilias<\/strong>, Duques de Castro, acompa\u00f1ados por LL.AA.RR. las Princesa Mar\u00eda Carolina y Mar\u00eda Chiara de Borb\u00f3n de las Dos Sicilias, pasar\u00e1n unos d\u00edas en\u00a0<strong>Roma<\/strong>\u00a0y participar\u00e1n en importantes eventos institucionales.<\/p>\n<p>El 4 de diciembre a las 11.30 en Via Ramazzini15, la\u00a0<strong>Asociaci\u00f3n Salvamamme<\/strong>\u00a0presentar\u00e1 sus iniciativas para la Navidad, en presencia de\u00a0<strong>S.A.R. la Princesa Camilla de Borb\u00f3n de las \u00a0Dos Sicilias, Duquesa de Castro<\/strong>,\u00a0<em>Embajadora de la asociaci\u00f3n<\/em>, Sra. Grazia Passeri, Presidenta del Asociaci\u00f3n, Sra. Debora Diodati, Presidenta de la Cruz Roja Italiana y Sra. Angela Lionetti, Referente de la Cruz Roja Italiana para Salvamamme.<\/p>\n<p>El mismo d\u00eda, a las 4 pm, se presentar\u00e1 y firmar\u00e1 el\u00a0<strong>protocolo\u00a0de entendimiento entre la Sagrada Orden Militar y Constantiniana de San\u00a0Jorge\u00a0y la Cruz Roja Italiana<\/strong>, en presencia del <strong>Gran Maestro S.A.R. el Pr\u00edncipe Carlos de Borb\u00f3n de las Dos Sicilias, Duque de Castro<\/strong> y el abogado Francesco\u00a0Rocca.\u00a0Al final de la ceremonia, el Duque de Castro entregar\u00e1 la <strong>medalla de oro del m\u00e9rito<\/strong> a la bandera de la Cruz Roja italiana.<\/p>\n<p>El 5 de diciembre a las 5 de la tarde, los Duques de Castro asistir\u00e1n a la presentaci\u00f3n del libro \u00abModerne Odissee\u00bb, escrito por el Embajador Antonio Morabito. El evento se organiz\u00f3 bajo el patrocinio de la Orden Constantiniana y se llevar\u00e1 a cabo en el Almo Collegio Capranica-Piazza Capranica, 98.<\/p>\n","protected":false},"excerpt":{"rendered":"<p>LL.AA.RR. el Pr\u00edncipe Carlos y la Princesa Camilla de Borb\u00f3n de las Dos Sicilias, Duques de Castro, acompa\u00f1ados por LL.AA.RR. las Princesa Mar\u00eda Carolina y Mar\u00eda Chiara de Borb\u00f3n de las Dos Sicilias, pasar\u00e1n unos d\u00edas en\u00a0Roma\u00a0y participar\u00e1n en importantes eventos institucionales. El 4 de diciembre a las 11.30 en Via Ramazzini15, la\u00a0Asociaci\u00f3n Salvamamme\u00a0presentar\u00e1 sus [&hellip;]<\/p>\n","protected":false},"author":1,"featured_media":0,"comment_status":"closed","ping_status":"open","sticky":false,"template":"","format":"standard","meta":{"footnotes":""},"categories":[187],"tags":[265,324,266,267,268,269,343,344,131,132,133,345,346,271,347,348,349],"class_list":["post-30222","post","type-post","status-publish","format-standard","hentry","category-comunicados-del-gran-magisterio","tag-carlodiborbone-es","tag-constantinianorder-es","tag-ordinecostantiniano-es","tag-realcasadiborbone-es","tag-royalhouse-es","tag-twosicilies-es","tag-camilladeborbon","tag-camilladiborbone","tag-carlosdeborbon-es","tag-charlesdebourbon-es","tag-charlesofbourbon-es","tag-crocerossa-es","tag-cruzroja","tag-duesicilie-es","tag-ordencostantiniana","tag-roma","tag-salvamamme-es"],"_links":{"self":[{"href":"https:\/\/svil.constantinianorder.com\/es\/wp-json\/wp\/v2\/posts\/30222","targetHints":{"allow":["GET"]}}],"collection":[{"href":"https:\/\/svil.constantinianorder.com\/es\/wp-json\/wp\/v2\/posts"}],"about":[{"href":"https:\/\/svil.constantinianorder.com\/es\/wp-json\/wp\/v2\/types\/post"}],"author":[{"embeddable":true,"href":"https:\/\/svil.constantinianorder.com\/es\/wp-json\/wp\/v2\/users\/1"}],"replies":[{"embeddable":true,"href":"https:\/\/svil.constantinianorder.com\/es\/wp-json\/wp\/v2\/comments?post=30222"}],"version-history":[{"count":1,"href":"https:\/\/svil.constantinianorder.com\/es\/wp-json\/wp\/v2\/posts\/30222\/revisions"}],"predecessor-version":[{"id":58800,"href":"https:\/\/svil.constantinianorder.com\/es\/wp-json\/wp\/v2\/posts\/30222\/revisions\/58800"}],"wp:attachment":[{"href":"https:\/\/svil.constantinianorder.com\/es\/wp-json\/wp\/v2\/media?parent=30222"}],"wp:term":[{"taxonomy":"category","embeddable":true,"href":"https:\/\/svil.constantinianorder.com\/es\/wp-json\/wp\/v2\/categories?post=30222"},{"taxonomy":"post_tag","embeddable":true,"href":"https:\/\/svil.constantinianorder.com\/es\/wp-json\/wp\/v2\/tags?post=30222"}],"curies":[{"name":"wp","href":"https:\/\/api.w.org\/{rel}","templated":true}]}}