{"id":30562,"date":"2018-12-20T12:06:36","date_gmt":"2018-12-20T12:06:36","guid":{"rendered":"https:\/\/www.constantinianorder.net\/austria-donazione-presso-la-caritas-dellarcidiocesi-di-vienna-2\/"},"modified":"2026-01-15T17:46:29","modified_gmt":"2026-01-15T17:46:29","slug":"austria-donacion-en-viena","status":"publish","type":"post","link":"https:\/\/svil.constantinianorder.com\/es\/austria-donacion-en-viena\/","title":{"rendered":"AUSTRIA: DONACION EN VIENA"},"content":{"rendered":"<p><img loading=\"lazy\" decoding=\"async\" class=\"alignnone size-medium wp-image-30558\" src=\"https:\/\/svil.constantinianorder.com\/wp-content\/uploads\/2018\/12\/foto-austria-225x300.jpg\" alt=\"foto austria\" width=\"225\" height=\"300\" \/><\/p>\n<p>En nombre de la Delegaci\u00f3n, el Delegado para Austria, el c\u00f3nsul general Dr. Wolfgang Andreas Breitenthaler y el\u00a0 Dr. Alexander Babinek recolectaron donaciones de ropa y otras necesidades b\u00e1sicas para las personas sin hogar de Viena. Con motivo de la Santa Misa de la Orden en la iglesia de la Abad\u00eda de Eisgarn, los Caballeros y los amigos de la Orden asistieron a una invitaci\u00f3n del Delegado y del Prior para discutir sobre las pr\u00f3ximas actividades de la Delegaci\u00f3n.<\/p>\n<p><img loading=\"lazy\" decoding=\"async\" class=\"alignnone size-medium wp-image-30557\" src=\"https:\/\/svil.constantinianorder.com\/wp-content\/uploads\/2018\/12\/foto-austria-2-225x300.jpg\" alt=\"foto austria 2\" width=\"225\" height=\"300\" \/><\/p>\n","protected":false},"excerpt":{"rendered":"<p>En nombre de la Delegaci\u00f3n, el Delegado para Austria, el c\u00f3nsul general Dr. Wolfgang Andreas Breitenthaler y el\u00a0 Dr. Alexander Babinek recolectaron donaciones de ropa y otras necesidades b\u00e1sicas para las personas sin hogar de Viena. Con motivo de la Santa Misa de la Orden en la iglesia de la Abad\u00eda de Eisgarn, los Caballeros [&hellip;]<\/p>\n","protected":false},"author":1,"featured_media":0,"comment_status":"closed","ping_status":"open","sticky":false,"template":"","format":"standard","meta":{"footnotes":""},"categories":[380],"tags":[],"class_list":["post-30562","post","type-post","status-publish","format-standard","hentry","category-delegacion-de-austria"],"_links":{"self":[{"href":"https:\/\/svil.constantinianorder.com\/es\/wp-json\/wp\/v2\/posts\/30562","targetHints":{"allow":["GET"]}}],"collection":[{"href":"https:\/\/svil.constantinianorder.com\/es\/wp-json\/wp\/v2\/posts"}],"about":[{"href":"https:\/\/svil.constantinianorder.com\/es\/wp-json\/wp\/v2\/types\/post"}],"author":[{"embeddable":true,"href":"https:\/\/svil.constantinianorder.com\/es\/wp-json\/wp\/v2\/users\/1"}],"replies":[{"embeddable":true,"href":"https:\/\/svil.constantinianorder.com\/es\/wp-json\/wp\/v2\/comments?post=30562"}],"version-history":[{"count":1,"href":"https:\/\/svil.constantinianorder.com\/es\/wp-json\/wp\/v2\/posts\/30562\/revisions"}],"predecessor-version":[{"id":58892,"href":"https:\/\/svil.constantinianorder.com\/es\/wp-json\/wp\/v2\/posts\/30562\/revisions\/58892"}],"wp:attachment":[{"href":"https:\/\/svil.constantinianorder.com\/es\/wp-json\/wp\/v2\/media?parent=30562"}],"wp:term":[{"taxonomy":"category","embeddable":true,"href":"https:\/\/svil.constantinianorder.com\/es\/wp-json\/wp\/v2\/categories?post=30562"},{"taxonomy":"post_tag","embeddable":true,"href":"https:\/\/svil.constantinianorder.com\/es\/wp-json\/wp\/v2\/tags?post=30562"}],"curies":[{"name":"wp","href":"https:\/\/api.w.org\/{rel}","templated":true}]}}