{"id":30955,"date":"2019-01-23T10:59:14","date_gmt":"2019-01-23T10:59:14","guid":{"rendered":"https:\/\/www.constantinianorder.net\/sicilia-briciole-di-salute-a-s-martino-delle-scale-e-a-castelvetrano-2\/"},"modified":"2026-01-15T15:49:03","modified_gmt":"2026-01-15T15:49:03","slug":"sicilia-briciole-di-salute-en-s-martino-delle-scale-y-en-castelvetrano","status":"publish","type":"post","link":"https:\/\/svil.constantinianorder.com\/es\/sicilia-briciole-di-salute-en-s-martino-delle-scale-y-en-castelvetrano\/","title":{"rendered":"SICILIA: BRICIOLE DI SALUTE EN S. MARTINO DELLE SCALE Y EN CASTELVETRANO"},"content":{"rendered":"<p><img loading=\"lazy\" decoding=\"async\" class=\"alignnone size-medium wp-image-30951\" src=\"https:\/\/svil.constantinianorder.com\/wp-content\/uploads\/2019\/01\/briciole-di-salute-a-S-Martino-delle-Scale-198x300.jpg\" alt=\"briciole di salute a S, Martino delle Scale\" width=\"198\" height=\"300\" \/><\/p>\n<p><span lang=\"es\">El 18 de enero se realiz\u00f3 la entrega habitual de productos para la primera infancia a la Caritas de la Abad\u00eda Benedictina de <em>S. Martino delle Scale<\/em>. El vice delegado\u00a0entreg\u00f3 al jefe de la Caritas, Padre Bernardo, pa\u00f1ales y otros productos para los ni\u00f1os asistidos por los monjes benedictinos.<\/span><\/p>\n<p><img loading=\"lazy\" decoding=\"async\" class=\"alignnone size-medium wp-image-30950\" src=\"https:\/\/svil.constantinianorder.com\/wp-content\/uploads\/2019\/01\/briciole-di-salute-a-Castelvetrano-300x249.jpg\" alt=\"briciole di salute a Castelvetrano\" width=\"300\" height=\"249\" \/><\/p>\n<p>Los productos para la primera infancia tambi\u00e9n fueron entregados al representante de la parroquia de la Caritas de Castelvetrano. La\u00a0donaci\u00f3n es parte del proyecto \u00abBriciole di Salute\u00bb.<\/p>\n","protected":false},"excerpt":{"rendered":"<p>El 18 de enero se realiz\u00f3 la entrega habitual de productos para la primera infancia a la Caritas de la Abad\u00eda Benedictina de S. Martino delle Scale. El vice delegado\u00a0entreg\u00f3 al jefe de la Caritas, Padre Bernardo, pa\u00f1ales y otros productos para los ni\u00f1os asistidos por los monjes benedictinos. Los productos para la primera infancia [&hellip;]<\/p>\n","protected":false},"author":1,"featured_media":0,"comment_status":"closed","ping_status":"open","sticky":false,"template":"","format":"standard","meta":{"footnotes":""},"categories":[167],"tags":[],"class_list":["post-30955","post","type-post","status-publish","format-standard","hentry","category-delegacion-de-la-sicilia"],"_links":{"self":[{"href":"https:\/\/svil.constantinianorder.com\/es\/wp-json\/wp\/v2\/posts\/30955","targetHints":{"allow":["GET"]}}],"collection":[{"href":"https:\/\/svil.constantinianorder.com\/es\/wp-json\/wp\/v2\/posts"}],"about":[{"href":"https:\/\/svil.constantinianorder.com\/es\/wp-json\/wp\/v2\/types\/post"}],"author":[{"embeddable":true,"href":"https:\/\/svil.constantinianorder.com\/es\/wp-json\/wp\/v2\/users\/1"}],"replies":[{"embeddable":true,"href":"https:\/\/svil.constantinianorder.com\/es\/wp-json\/wp\/v2\/comments?post=30955"}],"version-history":[{"count":1,"href":"https:\/\/svil.constantinianorder.com\/es\/wp-json\/wp\/v2\/posts\/30955\/revisions"}],"predecessor-version":[{"id":56535,"href":"https:\/\/svil.constantinianorder.com\/es\/wp-json\/wp\/v2\/posts\/30955\/revisions\/56535"}],"wp:attachment":[{"href":"https:\/\/svil.constantinianorder.com\/es\/wp-json\/wp\/v2\/media?parent=30955"}],"wp:term":[{"taxonomy":"category","embeddable":true,"href":"https:\/\/svil.constantinianorder.com\/es\/wp-json\/wp\/v2\/categories?post=30955"},{"taxonomy":"post_tag","embeddable":true,"href":"https:\/\/svil.constantinianorder.com\/es\/wp-json\/wp\/v2\/tags?post=30955"}],"curies":[{"name":"wp","href":"https:\/\/api.w.org\/{rel}","templated":true}]}}