{"id":30968,"date":"2019-01-24T17:09:28","date_gmt":"2019-01-24T17:09:28","guid":{"rendered":"https:\/\/www.constantinianorder.net\/piemonte-e-valle-daosta-santa-messa-ad-alessandria-2\/"},"modified":"2026-01-15T15:49:04","modified_gmt":"2026-01-15T15:49:04","slug":"piamonte-y-valle-de-aosta-misa-solemne-en-alessandria","status":"publish","type":"post","link":"https:\/\/svil.constantinianorder.com\/es\/piamonte-y-valle-de-aosta-misa-solemne-en-alessandria\/","title":{"rendered":"PIAMONTE Y VALLE DE AOSTA: MISA SOLEMNE EN ALESSANDRIA"},"content":{"rendered":"<p><img loading=\"lazy\" decoding=\"async\" class=\"alignnone size-medium wp-image-30964\" src=\"https:\/\/svil.constantinianorder.com\/wp-content\/uploads\/2019\/01\/SANTA-MESSA-ALESSANDRIA-1-225x300.jpg\" alt=\"SANTA MESSA ALESSANDRIA\" width=\"225\" height=\"300\" \/><\/p>\n<p>El lunes 21 de enero, la Representante de las ciudades de Alessandria y Asti, Sra Simona Delfino, organiz\u00f3 en la Catedral de Alessandria una Misa en honor de la Beata Mar\u00eda Cristina de Saboya en presencia de algunos Caballeros de la Orden. Padre Augusto Piccoli ofici\u00f3 la liturgia donde se ley\u00f3 tambi\u00e9n la oraci\u00f3n del Caballero.<\/p>\n","protected":false},"excerpt":{"rendered":"<p>El lunes 21 de enero, la Representante de las ciudades de Alessandria y Asti, Sra Simona Delfino, organiz\u00f3 en la Catedral de Alessandria una Misa en honor de la Beata Mar\u00eda Cristina de Saboya en presencia de algunos Caballeros de la Orden. Padre Augusto Piccoli ofici\u00f3 la liturgia donde se ley\u00f3 tambi\u00e9n la oraci\u00f3n del [&hellip;]<\/p>\n","protected":false},"author":1,"featured_media":0,"comment_status":"closed","ping_status":"open","sticky":false,"template":"","format":"standard","meta":{"footnotes":""},"categories":[175],"tags":[],"class_list":["post-30968","post","type-post","status-publish","format-standard","hentry","category-delegacion-de-piamonte-y-valle-de-aosta"],"_links":{"self":[{"href":"https:\/\/svil.constantinianorder.com\/es\/wp-json\/wp\/v2\/posts\/30968","targetHints":{"allow":["GET"]}}],"collection":[{"href":"https:\/\/svil.constantinianorder.com\/es\/wp-json\/wp\/v2\/posts"}],"about":[{"href":"https:\/\/svil.constantinianorder.com\/es\/wp-json\/wp\/v2\/types\/post"}],"author":[{"embeddable":true,"href":"https:\/\/svil.constantinianorder.com\/es\/wp-json\/wp\/v2\/users\/1"}],"replies":[{"embeddable":true,"href":"https:\/\/svil.constantinianorder.com\/es\/wp-json\/wp\/v2\/comments?post=30968"}],"version-history":[{"count":1,"href":"https:\/\/svil.constantinianorder.com\/es\/wp-json\/wp\/v2\/posts\/30968\/revisions"}],"predecessor-version":[{"id":56539,"href":"https:\/\/svil.constantinianorder.com\/es\/wp-json\/wp\/v2\/posts\/30968\/revisions\/56539"}],"wp:attachment":[{"href":"https:\/\/svil.constantinianorder.com\/es\/wp-json\/wp\/v2\/media?parent=30968"}],"wp:term":[{"taxonomy":"category","embeddable":true,"href":"https:\/\/svil.constantinianorder.com\/es\/wp-json\/wp\/v2\/categories?post=30968"},{"taxonomy":"post_tag","embeddable":true,"href":"https:\/\/svil.constantinianorder.com\/es\/wp-json\/wp\/v2\/tags?post=30968"}],"curies":[{"name":"wp","href":"https:\/\/api.w.org\/{rel}","templated":true}]}}