{"id":31181,"date":"2019-02-08T12:30:07","date_gmt":"2019-02-08T12:30:07","guid":{"rendered":"https:\/\/www.constantinianorder.net\/piemonte-e-valle-daosta-donazione-a-cuneo-2-2\/"},"modified":"2026-01-15T15:49:26","modified_gmt":"2026-01-15T15:49:26","slug":"piamonte-y-valle-de-aosta-donacion-en-cuneo-3","status":"publish","type":"post","link":"https:\/\/svil.constantinianorder.com\/es\/piamonte-y-valle-de-aosta-donacion-en-cuneo-3\/","title":{"rendered":"PIAMONTE Y VALLE DE AOSTA: DONACI\u00d3N EN CUNEO"},"content":{"rendered":"<p><img loading=\"lazy\" decoding=\"async\" class=\"alignnone size-medium wp-image-31176\" src=\"https:\/\/svil.constantinianorder.com\/wp-content\/uploads\/2019\/02\/DONAZIONE-300x188.jpg\" alt=\"DONAZIONE\" width=\"300\" height=\"188\" \/><\/p>\n<p><span lang=\"es\" tabindex=\"0\">El 7 de febrero, Erik Franza y Carlo Fedeli, pertenecientes a la Brigada Alpina de Tur\u00edn y simpatizantes de la Orden, organizaron una gran donaci\u00f3n de productos alimenticios. Esta donaci\u00f3n es parte del proyecto \u00abBriciole di Salute\u00bb. Estuvieron presentes el Sr. Pietro Bruno, el Sr. Dar\u00edo Bruno y el Padre Luca Lanave. Los presentes se unieron a un momento de oraci\u00f3n sincera durante el cual tambi\u00e9n se recit\u00f3 la oraci\u00f3n del Alpino.<\/span><\/p>\n","protected":false},"excerpt":{"rendered":"<p>El 7 de febrero, Erik Franza y Carlo Fedeli, pertenecientes a la Brigada Alpina de Tur\u00edn y simpatizantes de la Orden, organizaron una gran donaci\u00f3n de productos alimenticios. Esta donaci\u00f3n es parte del proyecto \u00abBriciole di Salute\u00bb. Estuvieron presentes el Sr. Pietro Bruno, el Sr. Dar\u00edo Bruno y el Padre Luca Lanave. Los presentes se [&hellip;]<\/p>\n","protected":false},"author":1,"featured_media":0,"comment_status":"closed","ping_status":"open","sticky":false,"template":"","format":"standard","meta":{"footnotes":""},"categories":[175],"tags":[],"class_list":["post-31181","post","type-post","status-publish","format-standard","hentry","category-delegacion-de-piamonte-y-valle-de-aosta"],"_links":{"self":[{"href":"https:\/\/svil.constantinianorder.com\/es\/wp-json\/wp\/v2\/posts\/31181","targetHints":{"allow":["GET"]}}],"collection":[{"href":"https:\/\/svil.constantinianorder.com\/es\/wp-json\/wp\/v2\/posts"}],"about":[{"href":"https:\/\/svil.constantinianorder.com\/es\/wp-json\/wp\/v2\/types\/post"}],"author":[{"embeddable":true,"href":"https:\/\/svil.constantinianorder.com\/es\/wp-json\/wp\/v2\/users\/1"}],"replies":[{"embeddable":true,"href":"https:\/\/svil.constantinianorder.com\/es\/wp-json\/wp\/v2\/comments?post=31181"}],"version-history":[{"count":1,"href":"https:\/\/svil.constantinianorder.com\/es\/wp-json\/wp\/v2\/posts\/31181\/revisions"}],"predecessor-version":[{"id":56591,"href":"https:\/\/svil.constantinianorder.com\/es\/wp-json\/wp\/v2\/posts\/31181\/revisions\/56591"}],"wp:attachment":[{"href":"https:\/\/svil.constantinianorder.com\/es\/wp-json\/wp\/v2\/media?parent=31181"}],"wp:term":[{"taxonomy":"category","embeddable":true,"href":"https:\/\/svil.constantinianorder.com\/es\/wp-json\/wp\/v2\/categories?post=31181"},{"taxonomy":"post_tag","embeddable":true,"href":"https:\/\/svil.constantinianorder.com\/es\/wp-json\/wp\/v2\/tags?post=31181"}],"curies":[{"name":"wp","href":"https:\/\/api.w.org\/{rel}","templated":true}]}}