{"id":31409,"date":"2019-03-05T16:47:05","date_gmt":"2019-03-05T16:47:05","guid":{"rendered":"https:\/\/www.constantinianorder.net\/a-roma-lincontro-tra-sar-carlo-di-borbone-delle-due-sicilie-e-sae-fra-giacomo-dalla-torre-del-tempio-di-sanguinetto-2\/"},"modified":"2026-01-15T15:50:14","modified_gmt":"2026-01-15T15:50:14","slug":"ceremonia-oficial-durante-la-cual-s-a-r-el-principe-carlos-de-borbon-de-las-dos-sicilias-duque-de-castro-y-jefe-de-la-casa-real-confirio-la-insignia-de-caballero-de-la-insigne-real-orden-de-san-gena","status":"publish","type":"post","link":"https:\/\/svil.constantinianorder.com\/es\/ceremonia-oficial-durante-la-cual-s-a-r-el-principe-carlos-de-borbon-de-las-dos-sicilias-duque-de-castro-y-jefe-de-la-casa-real-confirio-la-insignia-de-caballero-de-la-insigne-real-orden-de-san-gena\/","title":{"rendered":"Ceremonia oficial durante la cual S.A.R. el Principe Carlos de Borb\u00f3n de las Dos Sicilias, Duque de Castro y Jefe de la Casa Real confiri\u00f3 la Insignia de Caballero de la Insigne Real Orden de San Genaro y el Collar de la Sagrada Orden Militar y Constantiniana de San Jorge a S.A.E. Fra &#8216; Giacomo Dalla Torre del Tempio di Sanguinetto, Gran Maestro de la Soberana Orden Militar de Malta"},"content":{"rendered":"<pre id=\"tw-target-text\" class=\"tw-data-text tw-ta tw-text-small\" dir=\"ltr\" data-placeholder=\"Traduzione\" data-fulltext=\"\"><\/pre>\n<p><img loading=\"lazy\" decoding=\"async\" class=\"alignnone size-medium wp-image-31535\" src=\"https:\/\/svil.constantinianorder.com\/wp-content\/uploads\/2019\/03\/IMG_0200_Facetune_03-03-2019-17-45-15-156x300.jpg\" alt=\"IMG_0200_Facetune_03-03-2019-17-45-15\" width=\"156\" height=\"300\" \/> \u00a0 \u00a0 \u00a0 \u00a0 \u00a0 \u00a0 \u00a0 \u00a0 \u00a0 \u00a0 \u00a0<img loading=\"lazy\" decoding=\"async\" class=\"alignnone size-medium wp-image-31537\" src=\"https:\/\/svil.constantinianorder.com\/wp-content\/uploads\/2019\/03\/IMG_0204_Facetune_03-03-2019-17-49-22-300x200.jpg\" alt=\"IMG_0204_Facetune_03-03-2019-17-49-22\" width=\"300\" height=\"200\" \/><\/p>\n<p>En Roma, en el Palacio Magistral de la Soberana Orden Militar de Malta, S.A.E. el Pr\u00edncipe y Gran Maestro Fra&#8217; Giacomo Dalla Torre del Tempio di Sanguinetto recibi\u00f3 a <a href=\"https:\/\/www.constantinianorder.net\/su-alteza-real-el-principe-y-gran-maestro\/?lang=es\">S.A.R. el Pr\u00edncipe Carlos de Borb\u00f3n de las Dos Sicilias<\/a>, Duque de Castro.\u00a0<span lang=\"es\" tabindex=\"0\">Durante el\u00a0encuentro\u00a0S.A.R. el Pr\u00edncipe Carlos de Borb\u00f3n de las Dos Sicilias,\u00a0en calidad de Jefe de la Casa Real y Gran Maestro de las \u00d3rdenes Din\u00e1sticas, confiri\u00f3 a S.A.E. Fra &#8216;Giacomo\u00a0Dalla la Torre del Templo de Sanguinetto, Gran Maestro de la Soberana Orden Militar de Malta, la Insignia de Caballero de la Insigne Real Orden de San Genaro y el Collar de la Sagrada Orden Militar y Constantiniana de San Jorge,\u00a0\u00a0en presencia del Gran Canciller S.E. Albrecht Freiherr von Boeselager <em>Caballero de Gran Cruz de Justicia<\/em> desde 1993, el Receptor del Tesoro Com\u00fan S.E. J\u00e1nos Conte Esterh\u00e1zy de Gal\u00e1ntha, S.E. el Prelado Jean Laffitte, as\u00ed como el Secretario General de Relaciones Exteriores de la Orden de Malta, S.E. el Embajador Stefano Ronca. <\/span><\/p>\n<p>S.A.R. el Pr\u00edncipe Carlos de Borb\u00f3n de las Dos Sicilias, Duque de Castro y Jefe de la Casa Real de Borb\u00f3n las Dos Sicilias, fue\u00a0<span lang=\"es\" tabindex=\"0\">acompa\u00f1ado<\/span>\u00a0por el Gran Prefecto S.A.R. la Princesa Beatriz de Borb\u00f3n de las Dos Sicilias; por el Gran Prior\u00a0S.E. El Cardenal Renato Raffaele Martino; por el Gran Canciller\u00a0S. E. el Pr\u00edncipe Francesco Ruspoli; por el Delegado de Roma\u00a0S.A. el Pr\u00edncipe Lelio Niccol\u00f2 Orsini d&#8217;Aragona; por el\u00a0Embajador de Italia ante la Santa Sede y la Soberana Orden Militar de Malta\u00a0S.E. el Embajador Pietro Sebastiani; por el Consejero de la Casa Real S. E. el Embajador Umberto Vattani y por el Secretario General\u00a0S.E. Dr. Giampaolo Grazian.<\/p>\n<p><img loading=\"lazy\" decoding=\"async\" class=\"alignnone size-medium wp-image-31638\" src=\"https:\/\/svil.constantinianorder.com\/wp-content\/uploads\/2019\/02\/TOM_4933-300x200.jpg\" alt=\"TOM_4933\" width=\"300\" height=\"200\" \/> \u00a0 \u00a0 \u00a0 \u00a0 \u00a0 \u00a0 \u00a0 \u00a0<img loading=\"lazy\" decoding=\"async\" class=\"alignnone size-medium wp-image-31538\" src=\"https:\/\/svil.constantinianorder.com\/wp-content\/uploads\/2019\/03\/IMG_0206_Facetune_03-03-2019-17-55-47-200x300.jpg\" alt=\"IMG_0206_Facetune_03-03-2019-17-55-47\" width=\"200\" height=\"300\" \/><\/p>\n","protected":false},"excerpt":{"rendered":"<p>\u00a0 \u00a0 \u00a0 \u00a0 \u00a0 \u00a0 \u00a0 \u00a0 \u00a0 \u00a0 \u00a0 En Roma, en el Palacio Magistral de la Soberana Orden Militar de Malta, S.A.E. el Pr\u00edncipe y Gran Maestro Fra&#8217; Giacomo Dalla Torre del Tempio di Sanguinetto recibi\u00f3 a S.A.R. el Pr\u00edncipe Carlos de Borb\u00f3n de las Dos Sicilias, Duque de Castro.\u00a0Durante el\u00a0encuentro\u00a0S.A.R. el [&hellip;]<\/p>\n","protected":false},"author":1,"featured_media":0,"comment_status":"closed","ping_status":"open","sticky":false,"template":"","format":"standard","meta":{"footnotes":""},"categories":[187],"tags":[131,132,133],"class_list":["post-31409","post","type-post","status-publish","format-standard","hentry","category-comunicados-del-gran-magisterio","tag-carlosdeborbon-es","tag-charlesdebourbon-es","tag-charlesofbourbon-es"],"_links":{"self":[{"href":"https:\/\/svil.constantinianorder.com\/es\/wp-json\/wp\/v2\/posts\/31409","targetHints":{"allow":["GET"]}}],"collection":[{"href":"https:\/\/svil.constantinianorder.com\/es\/wp-json\/wp\/v2\/posts"}],"about":[{"href":"https:\/\/svil.constantinianorder.com\/es\/wp-json\/wp\/v2\/types\/post"}],"author":[{"embeddable":true,"href":"https:\/\/svil.constantinianorder.com\/es\/wp-json\/wp\/v2\/users\/1"}],"replies":[{"embeddable":true,"href":"https:\/\/svil.constantinianorder.com\/es\/wp-json\/wp\/v2\/comments?post=31409"}],"version-history":[{"count":1,"href":"https:\/\/svil.constantinianorder.com\/es\/wp-json\/wp\/v2\/posts\/31409\/revisions"}],"predecessor-version":[{"id":56664,"href":"https:\/\/svil.constantinianorder.com\/es\/wp-json\/wp\/v2\/posts\/31409\/revisions\/56664"}],"wp:attachment":[{"href":"https:\/\/svil.constantinianorder.com\/es\/wp-json\/wp\/v2\/media?parent=31409"}],"wp:term":[{"taxonomy":"category","embeddable":true,"href":"https:\/\/svil.constantinianorder.com\/es\/wp-json\/wp\/v2\/categories?post=31409"},{"taxonomy":"post_tag","embeddable":true,"href":"https:\/\/svil.constantinianorder.com\/es\/wp-json\/wp\/v2\/tags?post=31409"}],"curies":[{"name":"wp","href":"https:\/\/api.w.org\/{rel}","templated":true}]}}