{"id":31740,"date":"2019-03-05T15:02:18","date_gmt":"2019-03-05T15:02:18","guid":{"rendered":"https:\/\/www.constantinianorder.net\/rassegna-stampa-tusciatimes-5-marzo-2019-2\/"},"modified":"2026-01-15T15:50:14","modified_gmt":"2026-01-15T15:50:14","slug":"revista-de-prensa-tusciatimes-5-de-marzo-de-2019","status":"publish","type":"post","link":"https:\/\/svil.constantinianorder.com\/es\/revista-de-prensa-tusciatimes-5-de-marzo-de-2019\/","title":{"rendered":"Revista de Prensa: tusciatimes &#8211; 5 de marzo de 2019"},"content":{"rendered":"<h2 class=\"post_title\">S.A.R. el Pr\u00edncipe Carlos de Borb\u00f3n de las Dos Sicilias, Duque de Castro y Jefe de la Casa Real concedi\u00f3 la decoraci\u00f3n de Comendador de M\u00e9rito al General de Divisi\u00f3n E.I. Francesco Diella, Director del Policlinico Militar de Roma<\/h2>\n<p>Ver\u00a0m\u00e1s <a href=\"https:\/\/www.tusciatimes.eu\/conferita-lonorificenza-di-commendatore-di-merito-al-generale-di-divisione-francesco-diella\/\">aqu\u00ed.<\/a><\/p>\n","protected":false},"excerpt":{"rendered":"<p>S.A.R. el Pr\u00edncipe Carlos de Borb\u00f3n de las Dos Sicilias, Duque de Castro y Jefe de la Casa Real concedi\u00f3 la decoraci\u00f3n de Comendador de M\u00e9rito al General de Divisi\u00f3n E.I. Francesco Diella, Director del Policlinico Militar de Roma Ver\u00a0m\u00e1s aqu\u00ed.<\/p>\n","protected":false},"author":1,"featured_media":0,"comment_status":"closed","ping_status":"open","sticky":false,"template":"","format":"standard","meta":{"footnotes":""},"categories":[163],"tags":[],"class_list":["post-31740","post","type-post","status-publish","format-standard","hentry","category-revista-de-prensa"],"_links":{"self":[{"href":"https:\/\/svil.constantinianorder.com\/es\/wp-json\/wp\/v2\/posts\/31740","targetHints":{"allow":["GET"]}}],"collection":[{"href":"https:\/\/svil.constantinianorder.com\/es\/wp-json\/wp\/v2\/posts"}],"about":[{"href":"https:\/\/svil.constantinianorder.com\/es\/wp-json\/wp\/v2\/types\/post"}],"author":[{"embeddable":true,"href":"https:\/\/svil.constantinianorder.com\/es\/wp-json\/wp\/v2\/users\/1"}],"replies":[{"embeddable":true,"href":"https:\/\/svil.constantinianorder.com\/es\/wp-json\/wp\/v2\/comments?post=31740"}],"version-history":[{"count":1,"href":"https:\/\/svil.constantinianorder.com\/es\/wp-json\/wp\/v2\/posts\/31740\/revisions"}],"predecessor-version":[{"id":56696,"href":"https:\/\/svil.constantinianorder.com\/es\/wp-json\/wp\/v2\/posts\/31740\/revisions\/56696"}],"wp:attachment":[{"href":"https:\/\/svil.constantinianorder.com\/es\/wp-json\/wp\/v2\/media?parent=31740"}],"wp:term":[{"taxonomy":"category","embeddable":true,"href":"https:\/\/svil.constantinianorder.com\/es\/wp-json\/wp\/v2\/categories?post=31740"},{"taxonomy":"post_tag","embeddable":true,"href":"https:\/\/svil.constantinianorder.com\/es\/wp-json\/wp\/v2\/tags?post=31740"}],"curies":[{"name":"wp","href":"https:\/\/api.w.org\/{rel}","templated":true}]}}