{"id":32003,"date":"2019-03-19T18:08:35","date_gmt":"2019-03-19T18:08:35","guid":{"rendered":"https:\/\/www.constantinianorder.net\/calabria-consegna-delle-insegne-di-commendatore-di-grazia-ecclesiastico-a-mons-pizzimenti-2\/"},"modified":"2026-01-15T15:50:53","modified_gmt":"2026-01-15T15:50:53","slug":"calabria-entrega-de-la-decoracion-de-comendador-de-gracia-eclesiastico-a-mons-pizzimenti","status":"publish","type":"post","link":"https:\/\/svil.constantinianorder.com\/es\/calabria-entrega-de-la-decoracion-de-comendador-de-gracia-eclesiastico-a-mons-pizzimenti\/","title":{"rendered":"CALABRIA: ENTREGA DE LA DECORACION DE COMENDADOR DE GRACIA ECLESIASTICO A MONS. PIZZIMENTI"},"content":{"rendered":"<p><strong><img loading=\"lazy\" decoding=\"async\" class=\"alignnone size-medium wp-image-31997\" src=\"https:\/\/svil.constantinianorder.com\/wp-content\/uploads\/2019\/03\/14-3-2019-rc-194-1-300x199.jpg\" alt=\"14-3-2019 rc 194\" width=\"300\" height=\"199\" \/><\/strong><\/p>\n<p><span lang=\"es\" tabindex=\"0\"><strong>Reggio Calabria, 14 de marzo de 2019<\/strong> &#8211; Se entregaron las insignias de Comendador de Gracia Eclesi\u00e1stico a Mons. Vincenzo Pizzimenti\u00a0<\/span><span lang=\"es\" tabindex=\"0\">en la Iglesia de la Candelora, donde tuvo lugar una solemne liturgia presidida por S.E. El Reverend\u00edsimo Monse\u00f1or Vittorio Mondello, Arzobispo Em\u00e9rito de la Di\u00f3cesis de Reggio Calabria-Bova y Prior de la Delegaci\u00f3n de Calabria, Monse\u00f1or Luigi Cannizzo, Vice Prior de la Delegaci\u00f3n de Calabria, Monse\u00f1or Filippo Ramondino, Director del Archivo de la Di\u00f3cesis de Mileto-Nicotera-Tropea y Capellano de la Orden Constantiniana para la provincia de Vibo Valentia, y\u00a0Padre Aldo Ripepi, capell\u00e1n del mando provincial y de la escuela de alumnos carabineros. La ceremonia eucar\u00edstica cont\u00f3 con la presencia de muchos Caballeros dirigidos por el vice delegado, varias Autoridades Civiles y Militares. Monse\u00f1or Vincenzo Pizzimenti quiso agradecer a la Orden Constantiniana por la importante insignia recibida<\/span><span lang=\"es\" tabindex=\"0\">.<\/span><\/p>\n<p><img loading=\"lazy\" decoding=\"async\" class=\"alignnone size-medium wp-image-31998\" src=\"https:\/\/svil.constantinianorder.com\/wp-content\/uploads\/2019\/03\/14-3-2019-rc-077-1-300x199.jpg\" alt=\"14-3-2019 rc 077\" width=\"300\" height=\"199\" \/><br \/>\n<img loading=\"lazy\" decoding=\"async\" class=\"alignnone size-medium wp-image-31999\" src=\"https:\/\/svil.constantinianorder.com\/wp-content\/uploads\/2019\/03\/14-3-2019-rc-086-1-300x199.jpg\" alt=\"14-3-2019 rc 086\" width=\"300\" height=\"199\" \/><\/p>\n","protected":false},"excerpt":{"rendered":"<p>Reggio Calabria, 14 de marzo de 2019 &#8211; Se entregaron las insignias de Comendador de Gracia Eclesi\u00e1stico a Mons. Vincenzo Pizzimenti\u00a0en la Iglesia de la Candelora, donde tuvo lugar una solemne liturgia presidida por S.E. El Reverend\u00edsimo Monse\u00f1or Vittorio Mondello, Arzobispo Em\u00e9rito de la Di\u00f3cesis de Reggio Calabria-Bova y Prior de la Delegaci\u00f3n de Calabria, [&hellip;]<\/p>\n","protected":false},"author":1,"featured_media":0,"comment_status":"closed","ping_status":"open","sticky":false,"template":"","format":"standard","meta":{"footnotes":""},"categories":[162],"tags":[],"class_list":["post-32003","post","type-post","status-publish","format-standard","hentry","category-delegacion-de-la-calabria"],"_links":{"self":[{"href":"https:\/\/svil.constantinianorder.com\/es\/wp-json\/wp\/v2\/posts\/32003","targetHints":{"allow":["GET"]}}],"collection":[{"href":"https:\/\/svil.constantinianorder.com\/es\/wp-json\/wp\/v2\/posts"}],"about":[{"href":"https:\/\/svil.constantinianorder.com\/es\/wp-json\/wp\/v2\/types\/post"}],"author":[{"embeddable":true,"href":"https:\/\/svil.constantinianorder.com\/es\/wp-json\/wp\/v2\/users\/1"}],"replies":[{"embeddable":true,"href":"https:\/\/svil.constantinianorder.com\/es\/wp-json\/wp\/v2\/comments?post=32003"}],"version-history":[{"count":1,"href":"https:\/\/svil.constantinianorder.com\/es\/wp-json\/wp\/v2\/posts\/32003\/revisions"}],"predecessor-version":[{"id":56789,"href":"https:\/\/svil.constantinianorder.com\/es\/wp-json\/wp\/v2\/posts\/32003\/revisions\/56789"}],"wp:attachment":[{"href":"https:\/\/svil.constantinianorder.com\/es\/wp-json\/wp\/v2\/media?parent=32003"}],"wp:term":[{"taxonomy":"category","embeddable":true,"href":"https:\/\/svil.constantinianorder.com\/es\/wp-json\/wp\/v2\/categories?post=32003"},{"taxonomy":"post_tag","embeddable":true,"href":"https:\/\/svil.constantinianorder.com\/es\/wp-json\/wp\/v2\/tags?post=32003"}],"curies":[{"name":"wp","href":"https:\/\/api.w.org\/{rel}","templated":true}]}}