{"id":32019,"date":"2019-03-20T10:26:53","date_gmt":"2019-03-20T10:26:53","guid":{"rendered":"https:\/\/www.constantinianorder.net\/toscana-incontro-di-formazione-spirituale-2\/"},"modified":"2026-01-15T15:50:53","modified_gmt":"2026-01-15T15:50:53","slug":"toscana-encuentro-de-formacion-espiritual","status":"publish","type":"post","link":"https:\/\/svil.constantinianorder.com\/es\/toscana-encuentro-de-formacion-espiritual\/","title":{"rendered":"TOSCANA: ENCUENTRO DE FORMACI\u00d3N ESPIRITUAL"},"content":{"rendered":"<p><strong><img loading=\"lazy\" decoding=\"async\" class=\"alignnone size-medium wp-image-32013\" src=\"https:\/\/svil.constantinianorder.com\/wp-content\/uploads\/2019\/03\/02-1-300x169.jpg\" alt=\"02\" width=\"300\" height=\"169\" \/><\/strong><\/p>\n<p><span lang=\"es\" tabindex=\"0\"><strong>San Martino in Freddana (LU), 18 de marzo de 2019<\/strong> &#8211;\u00a0Padre Rodolfo Rossi, Vice Prior de la Delegaci\u00f3n, en las instalaciones de la parroquia de San Martino in Freddana, inici\u00f3 el ciclo de reuniones de formaci\u00f3n espiritual del a\u00f1o 2019. El tema de la primera cita fue: \u00abLa cruz: el triunfo del amor en el sacrificio\u00bb. Padre Giovanni Zubiani, Caballero de Gracia eclesi\u00e1stico, Pasionista del Monasterio de Santa Gemma Galgani de Lucca, era uno de los invitados.<\/span><\/p>\n<p><img loading=\"lazy\" decoding=\"async\" class=\"alignnone size-medium wp-image-32014\" src=\"https:\/\/svil.constantinianorder.com\/wp-content\/uploads\/2019\/03\/03-1-169x300.jpg\" alt=\"03\" width=\"169\" height=\"300\" \/><\/p>\n","protected":false},"excerpt":{"rendered":"<p>San Martino in Freddana (LU), 18 de marzo de 2019 &#8211;\u00a0Padre Rodolfo Rossi, Vice Prior de la Delegaci\u00f3n, en las instalaciones de la parroquia de San Martino in Freddana, inici\u00f3 el ciclo de reuniones de formaci\u00f3n espiritual del a\u00f1o 2019. El tema de la primera cita fue: \u00abLa cruz: el triunfo del amor en el [&hellip;]<\/p>\n","protected":false},"author":1,"featured_media":0,"comment_status":"closed","ping_status":"open","sticky":false,"template":"","format":"standard","meta":{"footnotes":""},"categories":[171],"tags":[],"class_list":["post-32019","post","type-post","status-publish","format-standard","hentry","category-delegacion-de-la-toscana"],"_links":{"self":[{"href":"https:\/\/svil.constantinianorder.com\/es\/wp-json\/wp\/v2\/posts\/32019","targetHints":{"allow":["GET"]}}],"collection":[{"href":"https:\/\/svil.constantinianorder.com\/es\/wp-json\/wp\/v2\/posts"}],"about":[{"href":"https:\/\/svil.constantinianorder.com\/es\/wp-json\/wp\/v2\/types\/post"}],"author":[{"embeddable":true,"href":"https:\/\/svil.constantinianorder.com\/es\/wp-json\/wp\/v2\/users\/1"}],"replies":[{"embeddable":true,"href":"https:\/\/svil.constantinianorder.com\/es\/wp-json\/wp\/v2\/comments?post=32019"}],"version-history":[{"count":1,"href":"https:\/\/svil.constantinianorder.com\/es\/wp-json\/wp\/v2\/posts\/32019\/revisions"}],"predecessor-version":[{"id":56793,"href":"https:\/\/svil.constantinianorder.com\/es\/wp-json\/wp\/v2\/posts\/32019\/revisions\/56793"}],"wp:attachment":[{"href":"https:\/\/svil.constantinianorder.com\/es\/wp-json\/wp\/v2\/media?parent=32019"}],"wp:term":[{"taxonomy":"category","embeddable":true,"href":"https:\/\/svil.constantinianorder.com\/es\/wp-json\/wp\/v2\/categories?post=32019"},{"taxonomy":"post_tag","embeddable":true,"href":"https:\/\/svil.constantinianorder.com\/es\/wp-json\/wp\/v2\/tags?post=32019"}],"curies":[{"name":"wp","href":"https:\/\/api.w.org\/{rel}","templated":true}]}}