{"id":46009,"date":"2019-05-21T11:30:20","date_gmt":"2019-05-21T11:30:20","guid":{"rendered":"https:\/\/constantinianorder.net\/piemonte-e-valle-daosta-santa-messa-ad-alessandria-3\/"},"modified":"2026-01-15T16:03:20","modified_gmt":"2026-01-15T16:03:20","slug":"piamonte-santa-misa-en-alessandria","status":"publish","type":"post","link":"https:\/\/svil.constantinianorder.com\/es\/piamonte-santa-misa-en-alessandria\/","title":{"rendered":"PIAMONTE: SANTA MISA EN ALESSANDRIA"},"content":{"rendered":"\n<figure class=\"wp-block-image\"><img decoding=\"async\" src=\"https:\/\/svil.constantinianorder.com\/wp-content\/uploads\/2019\/05\/alessandria-768x1024.jpg\" alt=\"\" class=\"wp-image-46002\"\/><\/figure>\n\n\n\n<pre class=\"wp-block-preformatted\">El d\u00eda 12 de mayo se llev\u00f3 a cabo el d\u00eda de la santa patrona de la di\u00f3cesis de Alessandria. En la solemne celebraci\u00f3n de la ma\u00f1ana, presidida por Su Excelencia Guido Gallese, Obispo de Alessandria, nuestra Orden estuvo representada por Simona Delfino y Alberto Laguzzi. Por la tarde, la tradicional procesi\u00f3n tuvo lugar por las calles de la ciudad donde estuvieron Simona Delfino, Alberto Laguzzi y el padre Augusto Piccoli. La Sra. Simona Delfino, con tenacidad y compromiso, ha logrado por primera vez invitar a nuestra querida Orden a esta solemne celebraci\u00f3n, que ha despertado un gran inter\u00e9s entre los fieles y las autoridades presentes.<\/pre>\n","protected":false},"excerpt":{"rendered":"<p>El d\u00eda 12 de mayo se llev\u00f3 a cabo el d\u00eda de la santa patrona de la di\u00f3cesis de Alessandria. En la solemne celebraci\u00f3n de la ma\u00f1ana, presidida por Su Excelencia Guido Gallese, Obispo de Alessandria, nuestra Orden estuvo representada por Simona Delfino y Alberto Laguzzi. Por la tarde, la tradicional procesi\u00f3n tuvo lugar por [&hellip;]<\/p>\n","protected":false},"author":1,"featured_media":0,"comment_status":"closed","ping_status":"open","sticky":false,"template":"","format":"standard","meta":{"footnotes":""},"categories":[175],"tags":[],"class_list":["post-46009","post","type-post","status-publish","format-standard","hentry","category-delegacion-de-piamonte-y-valle-de-aosta"],"_links":{"self":[{"href":"https:\/\/svil.constantinianorder.com\/es\/wp-json\/wp\/v2\/posts\/46009","targetHints":{"allow":["GET"]}}],"collection":[{"href":"https:\/\/svil.constantinianorder.com\/es\/wp-json\/wp\/v2\/posts"}],"about":[{"href":"https:\/\/svil.constantinianorder.com\/es\/wp-json\/wp\/v2\/types\/post"}],"author":[{"embeddable":true,"href":"https:\/\/svil.constantinianorder.com\/es\/wp-json\/wp\/v2\/users\/1"}],"replies":[{"embeddable":true,"href":"https:\/\/svil.constantinianorder.com\/es\/wp-json\/wp\/v2\/comments?post=46009"}],"version-history":[{"count":1,"href":"https:\/\/svil.constantinianorder.com\/es\/wp-json\/wp\/v2\/posts\/46009\/revisions"}],"predecessor-version":[{"id":57000,"href":"https:\/\/svil.constantinianorder.com\/es\/wp-json\/wp\/v2\/posts\/46009\/revisions\/57000"}],"wp:attachment":[{"href":"https:\/\/svil.constantinianorder.com\/es\/wp-json\/wp\/v2\/media?parent=46009"}],"wp:term":[{"taxonomy":"category","embeddable":true,"href":"https:\/\/svil.constantinianorder.com\/es\/wp-json\/wp\/v2\/categories?post=46009"},{"taxonomy":"post_tag","embeddable":true,"href":"https:\/\/svil.constantinianorder.com\/es\/wp-json\/wp\/v2\/tags?post=46009"}],"curies":[{"name":"wp","href":"https:\/\/api.w.org\/{rel}","templated":true}]}}