{"id":47509,"date":"2019-10-09T17:30:17","date_gmt":"2019-10-09T17:30:17","guid":{"rendered":"https:\/\/constantinianorder.net\/?p=47509"},"modified":"2026-01-15T16:15:48","modified_gmt":"2026-01-15T16:15:48","slug":"presentacion-de-la-segunda-edicion-del-volumen-orden-de-caballeria-de-la-casa-real-de-borbon-de-las-dos-sicilias","status":"publish","type":"post","link":"https:\/\/svil.constantinianorder.com\/es\/presentacion-de-la-segunda-edicion-del-volumen-orden-de-caballeria-de-la-casa-real-de-borbon-de-las-dos-sicilias\/","title":{"rendered":"Presentaci\u00f3n de la Segunda Edici\u00f3n del Volumen \u00abOrden de Caballer\u00eda de la Casa Real de Borb\u00f3n de las Dos Sicilias\u00bb"},"content":{"rendered":"\n<figure class=\"wp-block-image\"><img decoding=\"async\" src=\"https:\/\/svil.constantinianorder.com\/wp-content\/uploads\/2019\/10\/20191008_065-1-1024x683.jpg\" alt=\"\" class=\"wp-image-47552\"\/><\/figure>\n\n\n\n<p><strong>Roma, 8 de octubre de 2019<\/strong> &#8211;  Se llev\u00f3 a cabo el martes 8 de octubre, en la C\u00e1mara de los Diputados, la segunda edici\u00f3n del Volumen \u00ab\u00d3rdenes de Caballer\u00eda de la Casa Real de Borb\u00f3n de las Dos Sicilias\u00bb, por el Embajador Antonio Benedetto Spada, en presencia de S.A.R. el Pr\u00edncipe Carlos de Borb\u00f3n de las Dos Sicilias, Duque de Castro y Gran Maestro, y de S.E. el Cardenal Renato Raffaele Martino, Protodi\u00e1cono de la Santa Iglesia Romana y Gran Prior. Entre los oradores presentes en el evento, mencionamos a S.E. El Presidente del Consejo de Estado Filippo Patroni Griffi, S.E. el Embajador Umberto Vattani, el Profesor Michele Giuseppe Vietti y el Dr. Mario Sechi.<\/p>\n\n\n\n<p>Tras la presentaci\u00f3n del volumen, se llev\u00f3 a cabo un <em>vin d&#8217;honneur<\/em> en la  Sala della Sacrestia. Estuvieron presentes el Gran Canciller y el Gran Tesorero de la Orden, los miembros del Consejo Judicial Magistral y la Comisi\u00f3n Her\u00e1ldica Magistral, los Delegados, los Delegados Vicarios, as\u00ed como numerosas personalidades del mundo diplom\u00e1tico, militar y civil.<\/p>\n\n\n\n<figure class=\"wp-block-image\"><img decoding=\"async\" src=\"https:\/\/svil.constantinianorder.com\/wp-content\/uploads\/2019\/10\/20191008_074-1024x683.jpg\" alt=\"\" class=\"wp-image-47556\"\/><\/figure>\n","protected":false},"excerpt":{"rendered":"<p>Roma, 8 de octubre de 2019 &#8211; Se llev\u00f3 a cabo el martes 8 de octubre, en la C\u00e1mara de los Diputados, la segunda edici\u00f3n del Volumen \u00ab\u00d3rdenes de Caballer\u00eda de la Casa Real de Borb\u00f3n de las Dos Sicilias\u00bb, por el Embajador Antonio Benedetto Spada, en presencia de S.A.R. el Pr\u00edncipe Carlos de Borb\u00f3n [&hellip;]<\/p>\n","protected":false},"author":1,"featured_media":0,"comment_status":"closed","ping_status":"open","sticky":false,"template":"","format":"standard","meta":{"footnotes":""},"categories":[187],"tags":[],"class_list":["post-47509","post","type-post","status-publish","format-standard","hentry","category-comunicados-del-gran-magisterio"],"_links":{"self":[{"href":"https:\/\/svil.constantinianorder.com\/es\/wp-json\/wp\/v2\/posts\/47509","targetHints":{"allow":["GET"]}}],"collection":[{"href":"https:\/\/svil.constantinianorder.com\/es\/wp-json\/wp\/v2\/posts"}],"about":[{"href":"https:\/\/svil.constantinianorder.com\/es\/wp-json\/wp\/v2\/types\/post"}],"author":[{"embeddable":true,"href":"https:\/\/svil.constantinianorder.com\/es\/wp-json\/wp\/v2\/users\/1"}],"replies":[{"embeddable":true,"href":"https:\/\/svil.constantinianorder.com\/es\/wp-json\/wp\/v2\/comments?post=47509"}],"version-history":[{"count":1,"href":"https:\/\/svil.constantinianorder.com\/es\/wp-json\/wp\/v2\/posts\/47509\/revisions"}],"predecessor-version":[{"id":57290,"href":"https:\/\/svil.constantinianorder.com\/es\/wp-json\/wp\/v2\/posts\/47509\/revisions\/57290"}],"wp:attachment":[{"href":"https:\/\/svil.constantinianorder.com\/es\/wp-json\/wp\/v2\/media?parent=47509"}],"wp:term":[{"taxonomy":"category","embeddable":true,"href":"https:\/\/svil.constantinianorder.com\/es\/wp-json\/wp\/v2\/categories?post=47509"},{"taxonomy":"post_tag","embeddable":true,"href":"https:\/\/svil.constantinianorder.com\/es\/wp-json\/wp\/v2\/tags?post=47509"}],"curies":[{"name":"wp","href":"https:\/\/api.w.org\/{rel}","templated":true}]}}