{"id":47657,"date":"2019-09-17T15:26:07","date_gmt":"2019-09-17T15:26:07","guid":{"rendered":"https:\/\/constantinianorder.net\/triveneto-festivita-dellesaltazione-della-santa-croce\/"},"modified":"2026-01-15T16:11:15","modified_gmt":"2026-01-15T16:11:15","slug":"triveneto-fiesta-de-la-exaltacion-de-la-santa-cruz","status":"publish","type":"post","link":"https:\/\/svil.constantinianorder.com\/es\/triveneto-fiesta-de-la-exaltacion-de-la-santa-cruz\/","title":{"rendered":"TRIVENETO: FIESTA DE LA EXALTACION DE LA SANTA CRUZ"},"content":{"rendered":"\n<figure class=\"wp-block-image\"><img decoding=\"async\" src=\"https:\/\/svil.constantinianorder.com\/wp-content\/uploads\/2019\/10\/cerimonia-esaltazione-Santa-Croce.jpg\" alt=\"\" class=\"wp-image-47646\"\/><\/figure>\n\n\n\n<p>La ceremonia comenz\u00f3 en el Sal\u00f3n del Oratorio de la Cofrad\u00eda de la <em>Scuola Grande San Giovanni Evangelista<\/em> en Venecia con los saludos del Profesor Franco Bosello y la presentaci\u00f3n del programa por el Vice Delegado Lucio Pasqualetto, seguida de una reflexi\u00f3n del Vice Prior Mons. Antonio Meneguolo sobre el tema: \u00abAspecto religioso de la Santa Cruz en la Orden Constantiniana\u00bb. Luego, en solemne procesi\u00f3n, con las reliquias de la Santa Cruz, los Caballeros fueron a la Bas\u00edlica adyacente de San Giovanni, donde Mons. Angelo Pagnan celebr\u00f3 la misa. Numerosas personas estuvieron presentes en la ceremonia, adem\u00e1s de los numerosos Caballeros de nuestra Orden, de la la Orden de Malta y del Santo Sepulcro y muchos de los m\u00e1s altos cargos en el mundo militar y civil. Al final se realiz\u00f3 un \u00abVin d&#8217;Honneur\u00bb.<\/p>\n\n\n\n<figure class=\"wp-block-image\"><img decoding=\"async\" src=\"https:\/\/svil.constantinianorder.com\/wp-content\/uploads\/2019\/10\/IMG_2731-esaltazione-della-croce.jpg\" alt=\"\" class=\"wp-image-47650\"\/><\/figure>\n","protected":false},"excerpt":{"rendered":"<p>La ceremonia comenz\u00f3 en el Sal\u00f3n del Oratorio de la Cofrad\u00eda de la Scuola Grande San Giovanni Evangelista en Venecia con los saludos del Profesor Franco Bosello y la presentaci\u00f3n del programa por el Vice Delegado Lucio Pasqualetto, seguida de una reflexi\u00f3n del Vice Prior Mons. Antonio Meneguolo sobre el tema: \u00abAspecto religioso de la [&hellip;]<\/p>\n","protected":false},"author":1,"featured_media":0,"comment_status":"closed","ping_status":"open","sticky":false,"template":"","format":"standard","meta":{"footnotes":""},"categories":[214],"tags":[],"class_list":["post-47657","post","type-post","status-publish","format-standard","hentry","category-delegacion-del-triveneto"],"_links":{"self":[{"href":"https:\/\/svil.constantinianorder.com\/es\/wp-json\/wp\/v2\/posts\/47657","targetHints":{"allow":["GET"]}}],"collection":[{"href":"https:\/\/svil.constantinianorder.com\/es\/wp-json\/wp\/v2\/posts"}],"about":[{"href":"https:\/\/svil.constantinianorder.com\/es\/wp-json\/wp\/v2\/types\/post"}],"author":[{"embeddable":true,"href":"https:\/\/svil.constantinianorder.com\/es\/wp-json\/wp\/v2\/users\/1"}],"replies":[{"embeddable":true,"href":"https:\/\/svil.constantinianorder.com\/es\/wp-json\/wp\/v2\/comments?post=47657"}],"version-history":[{"count":1,"href":"https:\/\/svil.constantinianorder.com\/es\/wp-json\/wp\/v2\/posts\/47657\/revisions"}],"predecessor-version":[{"id":57257,"href":"https:\/\/svil.constantinianorder.com\/es\/wp-json\/wp\/v2\/posts\/47657\/revisions\/57257"}],"wp:attachment":[{"href":"https:\/\/svil.constantinianorder.com\/es\/wp-json\/wp\/v2\/media?parent=47657"}],"wp:term":[{"taxonomy":"category","embeddable":true,"href":"https:\/\/svil.constantinianorder.com\/es\/wp-json\/wp\/v2\/categories?post=47657"},{"taxonomy":"post_tag","embeddable":true,"href":"https:\/\/svil.constantinianorder.com\/es\/wp-json\/wp\/v2\/tags?post=47657"}],"curies":[{"name":"wp","href":"https:\/\/api.w.org\/{rel}","templated":true}]}}