{"id":47761,"date":"2019-10-21T14:40:28","date_gmt":"2019-10-21T14:40:28","guid":{"rendered":"https:\/\/constantinianorder.net\/sicilia-attivita-di-fine-settembre-e-di-inizio-ottobre\/"},"modified":"2026-01-15T16:16:02","modified_gmt":"2026-01-15T16:16:02","slug":"sicilia-actividades-de-septiembre-y-de-octubre","status":"publish","type":"post","link":"https:\/\/svil.constantinianorder.com\/es\/sicilia-actividades-de-septiembre-y-de-octubre\/","title":{"rendered":"SICILIA: ACTIVIDADES DE SEPTIEMBRE Y DE OCTUBRE"},"content":{"rendered":"\n<figure class=\"wp-block-image\"><img decoding=\"async\" src=\"https:\/\/svil.constantinianorder.com\/wp-content\/uploads\/2019\/10\/SANTA-CATERINA-VILL-1024x576.jpg\" alt=\"\" class=\"wp-image-47734\"\/><\/figure>\n\n\n\n<p>La ceremonia de inauguraci\u00f3n del Edificio Municipal de S.Caterina Villarmosa se llev\u00f3 a cabo en presencia de las m\u00e1s altas autoridades provinciales, incluido el Presidente de la Regi\u00f3n de Sicilia, Nello Musumeci. La Orden Constantiniana, invitada como las otras autoridades, estuvo representada por el Sr. Michele Antonio Tramontana y el Sr. Giuseppe Balsamo.<\/p>\n\n\n\n<figure class=\"wp-block-image\"><img decoding=\"async\" src=\"https:\/\/svil.constantinianorder.com\/wp-content\/uploads\/2019\/10\/castelvetrano-1024x768.jpg\" alt=\"\" class=\"wp-image-47738\"\/><\/figure>\n\n\n\n<p>El 25 de septiembre, en la parroquia de Maria Santissima Annunziata de Castelvetrano, el Sr. Salerno y el Sr. Cacioppo dieron al p\u00e1rroco Don Rino Randazzo el suministro para el mes de septiembre de alimentos para beb\u00e9s y pa\u00f1ales.<\/p>\n\n\n\n<figure class=\"wp-block-image\"><img decoding=\"async\" src=\"https:\/\/svil.constantinianorder.com\/wp-content\/uploads\/2019\/10\/alcamo-1024x831.jpg\" alt=\"\" class=\"wp-image-47742\"\/><\/figure>\n\n\n\n<p>En Alcamo, el 27 de septiembre, el Sr. Pier Francesco Mistretta, el Sr Antonio Fundar\u00f2 y el Sr. Antonio Vitiello entregaron algunos productos para ni\u00f1os peque\u00f1os, comida para beb\u00e9s, leche y pa\u00f1ales a Mons. Giordano, Arcipreste de Alcamo.<\/p>\n\n\n\n<figure class=\"wp-block-image\"><img decoding=\"async\" src=\"https:\/\/svil.constantinianorder.com\/wp-content\/uploads\/2019\/10\/acireale-1024x575.jpg\" alt=\"\" class=\"wp-image-47746\"\/><\/figure>\n\n\n\n<p>En Acireale, el viernes 4 de octubre, unos Caballeros participaron, en la parroquia de Santa Maria La Stella, en la solemne celebraci\u00f3n eucar\u00edstica que sancion\u00f3 el inicio oficial del ministerio del nuevo p\u00e1rroco Don Emanuele Nicotra. Durante la misma tarde, como parte del proyecto \u00abBriciole di Salute\u00bb, se realiz\u00f3 una entrega extraordinaria de pasta, salsa de tomate, harina, aceite y otros productos alimenticios.<\/p>\n\n\n\n<figure class=\"wp-block-image\"><img decoding=\"async\" src=\"https:\/\/svil.constantinianorder.com\/wp-content\/uploads\/2019\/10\/monreale-1024x576.jpg\" alt=\"\" class=\"wp-image-47750\"\/><\/figure>\n\n\n\n<p>El 16 de octubre se realiz\u00f3 la primera distribuci\u00f3n del proyecto Briciole di Salute en Monreale.<\/p>\n\n\n\n<figure class=\"wp-block-image\"><img decoding=\"async\" src=\"https:\/\/svil.constantinianorder.com\/wp-content\/uploads\/2019\/10\/monr-1024x890.jpg\" alt=\"\" class=\"wp-image-47754\"\/><\/figure>\n\n\n\n<p>El vice delegado vicario dio a Don Giovanni Vitale, director de los Archivos Diocesanos de Monreale, un mueble que recoge los preciosos documentos de Mons. Saverio Ferina, ex director del archivo. La entrega se realiz\u00f3 el 16 de octubre de 2019. <\/p>\n","protected":false},"excerpt":{"rendered":"<p>La ceremonia de inauguraci\u00f3n del Edificio Municipal de S.Caterina Villarmosa se llev\u00f3 a cabo en presencia de las m\u00e1s altas autoridades provinciales, incluido el Presidente de la Regi\u00f3n de Sicilia, Nello Musumeci. La Orden Constantiniana, invitada como las otras autoridades, estuvo representada por el Sr. Michele Antonio Tramontana y el Sr. Giuseppe Balsamo. El 25 [&hellip;]<\/p>\n","protected":false},"author":1,"featured_media":0,"comment_status":"closed","ping_status":"open","sticky":false,"template":"","format":"standard","meta":{"footnotes":""},"categories":[167],"tags":[],"class_list":["post-47761","post","type-post","status-publish","format-standard","hentry","category-delegacion-de-la-sicilia"],"_links":{"self":[{"href":"https:\/\/svil.constantinianorder.com\/es\/wp-json\/wp\/v2\/posts\/47761","targetHints":{"allow":["GET"]}}],"collection":[{"href":"https:\/\/svil.constantinianorder.com\/es\/wp-json\/wp\/v2\/posts"}],"about":[{"href":"https:\/\/svil.constantinianorder.com\/es\/wp-json\/wp\/v2\/types\/post"}],"author":[{"embeddable":true,"href":"https:\/\/svil.constantinianorder.com\/es\/wp-json\/wp\/v2\/users\/1"}],"replies":[{"embeddable":true,"href":"https:\/\/svil.constantinianorder.com\/es\/wp-json\/wp\/v2\/comments?post=47761"}],"version-history":[{"count":1,"href":"https:\/\/svil.constantinianorder.com\/es\/wp-json\/wp\/v2\/posts\/47761\/revisions"}],"predecessor-version":[{"id":57323,"href":"https:\/\/svil.constantinianorder.com\/es\/wp-json\/wp\/v2\/posts\/47761\/revisions\/57323"}],"wp:attachment":[{"href":"https:\/\/svil.constantinianorder.com\/es\/wp-json\/wp\/v2\/media?parent=47761"}],"wp:term":[{"taxonomy":"category","embeddable":true,"href":"https:\/\/svil.constantinianorder.com\/es\/wp-json\/wp\/v2\/categories?post=47761"},{"taxonomy":"post_tag","embeddable":true,"href":"https:\/\/svil.constantinianorder.com\/es\/wp-json\/wp\/v2\/tags?post=47761"}],"curies":[{"name":"wp","href":"https:\/\/api.w.org\/{rel}","templated":true}]}}