{"id":15157,"date":"2013-09-17T11:35:28","date_gmt":"2013-09-17T11:35:28","guid":{"rendered":"http:\/\/www.constantinianorder.net\/?p=15157"},"modified":"2026-01-20T10:19:30","modified_gmt":"2026-01-20T10:19:30","slug":"lordre-constantinienne-rencontre-une-delegation-du-congo-2","status":"publish","type":"post","link":"https:\/\/svil.constantinianorder.com\/fr\/lordre-constantinienne-rencontre-une-delegation-du-congo-2\/","title":{"rendered":"L&rsquo;Ordre constantinienne rencontre une d\u00e9l\u00e9gation du Congo"},"content":{"rendered":"<p><a href=\"http:\/\/www.constantinianorder.net\/wp-content\/uploads\/2013\/11\/Congo.png\"><img loading=\"lazy\" decoding=\"async\" class=\"alignleft size-thumbnail wp-image-15155\" alt=\"Congo\" src=\"http:\/\/www.constantinianorder.net\/wp-content\/uploads\/2013\/11\/Congo-150x129.png\" width=\"150\" height=\"129\" \/><\/a><\/p>\n<p>Palerme, 17 septembre 2013. Une d\u00e9l\u00e9gation de l&rsquo;Ordre Sacr\u00e9 et Militaire Constantinien de Saint-Georges se compose du d\u00e9l\u00e9gu\u00e9 Vicaire pour la Sicile Antonio Di Janni et les Chevaliers Vincenzo Nuccio et Carmelo Sammarco, a \u00e9t\u00e9 re\u00e7u \u00e0 l&rsquo;initiative des Fr\u00e8res minimum de Palerme, dans la paroisse de Saint-Fran\u00e7ois de Paule par \u00e9v\u00eaque du dioc\u00e8se d&rsquo;Idiofa de la R\u00e9publique d\u00e9mocratique du Congo SE Rev.ma Mgr Jos\u00e9 Moko Ekanga. Lors de la r\u00e9union, pr\u00e9sentent ainsi don Saverio Palerme moins cent Don George Terrasi, Di Janni a donn\u00e9 illustre h\u00f4te la m\u00e9daille comm\u00e9morative du centenaire du XVIIe de l&rsquo;\u00e9dit de Constantin (313-2013) et quelques publications de l&rsquo;Ordre. La r\u00e9union a \u00e9galement permis de conna\u00eetre la r\u00e9alit\u00e9 dans laquelle Mgr Ekanga et la d\u00e9l\u00e9gation a promis son engagement envers les initiatives des Fr\u00e8res Mineurs de la pr\u00e9sente dioc\u00e8se africain. D\u00e9j\u00e0 l&rsquo;ann\u00e9e derni\u00e8re ont \u00e9t\u00e9 invit\u00e9s au Congo m\u00e9dicaments et 30 t\u00e9l\u00e9visions. La messe c\u00e9l\u00e9br\u00e9e par Monseigneur Ekanga et conc\u00e9l\u00e9br\u00e9e par le cur\u00e9 P\u00e8re Xavier a conclu la r\u00e9union.<\/p>\n","protected":false},"excerpt":{"rendered":"<p>Palerme, 17 septembre 2013. Une d\u00e9l\u00e9gation de l&rsquo;Ordre Sacr\u00e9 et Militaire Constantinien de Saint-Georges se compose du d\u00e9l\u00e9gu\u00e9 Vicaire pour la Sicile Antonio Di Janni et les Chevaliers Vincenzo Nuccio et Carmelo Sammarco, a \u00e9t\u00e9 re\u00e7u \u00e0 l&rsquo;initiative des Fr\u00e8res minimum de Palerme, dans la paroisse de Saint-Fran\u00e7ois de Paule par \u00e9v\u00eaque du dioc\u00e8se d&rsquo;Idiofa [&hellip;]<\/p>\n","protected":false},"author":1,"featured_media":15155,"comment_status":"closed","ping_status":"closed","sticky":false,"template":"","format":"standard","meta":{"footnotes":""},"categories":[185,1],"tags":[],"class_list":["post-15157","post","type-post","status-publish","format-standard","has-post-thumbnail","hentry","category-grand-magistry-communications","category-senza-categoria"],"_links":{"self":[{"href":"https:\/\/svil.constantinianorder.com\/fr\/wp-json\/wp\/v2\/posts\/15157","targetHints":{"allow":["GET"]}}],"collection":[{"href":"https:\/\/svil.constantinianorder.com\/fr\/wp-json\/wp\/v2\/posts"}],"about":[{"href":"https:\/\/svil.constantinianorder.com\/fr\/wp-json\/wp\/v2\/types\/post"}],"author":[{"embeddable":true,"href":"https:\/\/svil.constantinianorder.com\/fr\/wp-json\/wp\/v2\/users\/1"}],"replies":[{"embeddable":true,"href":"https:\/\/svil.constantinianorder.com\/fr\/wp-json\/wp\/v2\/comments?post=15157"}],"version-history":[{"count":1,"href":"https:\/\/svil.constantinianorder.com\/fr\/wp-json\/wp\/v2\/posts\/15157\/revisions"}],"predecessor-version":[{"id":61271,"href":"https:\/\/svil.constantinianorder.com\/fr\/wp-json\/wp\/v2\/posts\/15157\/revisions\/61271"}],"wp:featuredmedia":[{"embeddable":true,"href":"https:\/\/svil.constantinianorder.com\/fr\/wp-json\/"}],"wp:attachment":[{"href":"https:\/\/svil.constantinianorder.com\/fr\/wp-json\/wp\/v2\/media?parent=15157"}],"wp:term":[{"taxonomy":"category","embeddable":true,"href":"https:\/\/svil.constantinianorder.com\/fr\/wp-json\/wp\/v2\/categories?post=15157"},{"taxonomy":"post_tag","embeddable":true,"href":"https:\/\/svil.constantinianorder.com\/fr\/wp-json\/wp\/v2\/tags?post=15157"}],"curies":[{"name":"wp","href":"https:\/\/api.w.org\/{rel}","templated":true}]}}