{"id":15341,"date":"2014-02-06T10:30:50","date_gmt":"2014-02-06T10:30:50","guid":{"rendered":"http:\/\/www.constantinianorder.net\/?p=15341"},"modified":"2026-01-23T16:16:28","modified_gmt":"2026-01-23T16:16:28","slug":"le-grand-maitre-de-lordre-de-constantin-recu-par-le-ministre-des-affaires-etrangeres-du-portugal","status":"publish","type":"post","link":"https:\/\/svil.constantinianorder.com\/fr\/le-grand-maitre-de-lordre-de-constantin-recu-par-le-ministre-des-affaires-etrangeres-du-portugal\/","title":{"rendered":"Le Grand Ma\u00eetre re\u00e7u par le Ministre portugais des Affaires Etrang\u00e8res"},"content":{"rendered":"<p><strong><a href=\"http:\/\/www.constantinianorder.net\/wp-content\/uploads\/2014\/02\/Duc_5166.jpg\"><img loading=\"lazy\" decoding=\"async\" class=\"alignleft size-full wp-image-15332\" src=\"http:\/\/www.constantinianorder.net\/wp-content\/uploads\/2014\/02\/Duc_5166.jpg\" alt=\"\" width=\"800\" height=\"522\" \/><\/a>Lisbonne &#8211; 6 F\u00e9vrier 2014.<\/strong> Le Ministre d&rsquo;Etat et des Affaires \u00e9trang\u00e8res de la R\u00e9publique portugaise, Son Excellence Monsieur Rui Machete, re\u00e7u au Palais Necessidades \u00e0 Lisbonne SAR le Prince Charles de Bourbon des Deux Siciles, Duc de Castro et Grand Ma\u00eetre de l&rsquo; Ordre Sacr\u00e9 et Militaire Constantinien de Saint-Georges.<br \/>\n<a href=\"http:\/\/www.constantinianorder.net\/wp-content\/uploads\/2014\/02\/Duc_5175.jpg\"><img loading=\"lazy\" decoding=\"async\" class=\"alignleft size-thumbnail wp-image-15333\" src=\"http:\/\/www.constantinianorder.net\/wp-content\/uploads\/2014\/02\/Duc_5175-250x163.jpg\" alt=\"\" width=\"250\" height=\"163\" \/><\/a><br \/>\nApr\u00e8s l&rsquo;accueil officiel au Portugal, le Duc de Castro a pr\u00e9sent\u00e9 au Ministre des Affaires Etrang\u00e8res les divers projets humanitaires, de bienfaisance, hospitaliers et inter-religieux men\u00e9es \u00e0 l&rsquo;\u00e9chelle globale par l&rsquo;Ordre de Constantin. Le Duc a \u00e9galement annonc\u00e9 l\u2019intention de l&rsquo;Ordre Constantinien d&rsquo;adopter plusieurs projets de bienfaisance au Portugal et a exprim\u00e9 son d\u00e9sir de promouvoir plus largement les objectifs louables de l&rsquo;Ordre au Portugal.<\/p>\n<p>Pr\u00e9sents \u00e0 la r\u00e9union \u00e9taient le D\u00e9l\u00e9gu\u00e9 du Portugal de l&rsquo;Ordre Constantinien de St George Son Excellence le Baron Miguel Horta e Costa et le D\u00e9l\u00e9gu\u00e9 du Grand Magist\u00e8re aux relations inter- religieuses, S.E. Monsieur Anthony Bailey, OBE.<\/p>\n","protected":false},"excerpt":{"rendered":"<p>Lisbonne &#8211; 6 F\u00e9vrier 2014. Le Ministre d&rsquo;Etat et des Affaires \u00e9trang\u00e8res de la R\u00e9publique portugaise, Son Excellence Monsieur Rui Machete, re\u00e7u au Palais Necessidades \u00e0 Lisbonne SAR le Prince Charles de Bourbon des Deux Siciles, Duc de Castro et Grand Ma\u00eetre de l&rsquo; Ordre Sacr\u00e9 et Militaire Constantinien de Saint-Georges. Apr\u00e8s l&rsquo;accueil officiel au [&hellip;]<\/p>\n","protected":false},"author":1,"featured_media":15334,"comment_status":"closed","ping_status":"closed","sticky":false,"template":"","format":"standard","meta":{"footnotes":""},"categories":[730],"tags":[],"class_list":["post-15341","post","type-post","status-publish","format-standard","has-post-thumbnail","hentry","category-delegation-du-portugal"],"_links":{"self":[{"href":"https:\/\/svil.constantinianorder.com\/fr\/wp-json\/wp\/v2\/posts\/15341","targetHints":{"allow":["GET"]}}],"collection":[{"href":"https:\/\/svil.constantinianorder.com\/fr\/wp-json\/wp\/v2\/posts"}],"about":[{"href":"https:\/\/svil.constantinianorder.com\/fr\/wp-json\/wp\/v2\/types\/post"}],"author":[{"embeddable":true,"href":"https:\/\/svil.constantinianorder.com\/fr\/wp-json\/wp\/v2\/users\/1"}],"replies":[{"embeddable":true,"href":"https:\/\/svil.constantinianorder.com\/fr\/wp-json\/wp\/v2\/comments?post=15341"}],"version-history":[{"count":1,"href":"https:\/\/svil.constantinianorder.com\/fr\/wp-json\/wp\/v2\/posts\/15341\/revisions"}],"predecessor-version":[{"id":61070,"href":"https:\/\/svil.constantinianorder.com\/fr\/wp-json\/wp\/v2\/posts\/15341\/revisions\/61070"}],"wp:featuredmedia":[{"embeddable":true,"href":"https:\/\/svil.constantinianorder.com\/fr\/wp-json\/"}],"wp:attachment":[{"href":"https:\/\/svil.constantinianorder.com\/fr\/wp-json\/wp\/v2\/media?parent=15341"}],"wp:term":[{"taxonomy":"category","embeddable":true,"href":"https:\/\/svil.constantinianorder.com\/fr\/wp-json\/wp\/v2\/categories?post=15341"},{"taxonomy":"post_tag","embeddable":true,"href":"https:\/\/svil.constantinianorder.com\/fr\/wp-json\/wp\/v2\/tags?post=15341"}],"curies":[{"name":"wp","href":"https:\/\/api.w.org\/{rel}","templated":true}]}}