{"id":15369,"date":"2013-12-31T12:27:50","date_gmt":"2013-12-31T12:27:50","guid":{"rendered":"http:\/\/www.constantinianorder.net\/?p=15369"},"modified":"2026-02-05T15:42:18","modified_gmt":"2026-02-05T15:42:18","slug":"le-duc-et-la-duchesse-de-castro-recus-par-le-pape-francois","status":"publish","type":"post","link":"https:\/\/svil.constantinianorder.com\/fr\/le-duc-et-la-duchesse-de-castro-recus-par-le-pape-francois\/","title":{"rendered":"Le Duc et la Duchesse de Castro re\u00e7us par le Pape Fran\u00e7ois"},"content":{"rendered":"<p><a href=\"http:\/\/www.constantinianorder.net\/wp-content\/uploads\/2014\/01\/Carlo-1.jpg\"><img loading=\"lazy\" decoding=\"async\" class=\"alignleft size-thumbnail wp-image-15230\" alt=\"Carlo 1\" src=\"http:\/\/www.constantinianorder.net\/wp-content\/uploads\/2014\/01\/Carlo-1-250x166.jpg\" width=\"250\" height=\"166\" \/><\/a><\/p>\n<p><strong>Cit\u00e9 du Vatican \u2013 d\u00e9cembre 2013.<\/strong>  S.A.R. le Prince Charles de Bourbon des Deux Siciles, Duc de Castro et Grand Ma\u00eetre de l\u2019Ordre Sacr\u00e9 et Militaire Constantinien de St Georges a \u00e9t\u00e9 re\u00e7u par Sa Saintet\u00e9 le Pape Fran\u00e7ois au cours d\u2019une audience tenue dans la salle Clementine du palais  Apostolique de la cit\u00e9 du Vatican.<\/span><br \/>\n&nbsp;<\/p>\n<p>L\u2019 audience avait pour but de  marquer le 5e anniversaire de l\u2019institution Dignitatis Humanae  soutenu par S.A.R. le Duc de Castro et que soutiennent plusieurs membres de l\u2019Ordre Constantinien et d\u00e9l\u00e9gations britanniques, Irlandaises et Italiennes.<br \/>\n&nbsp;<\/p>\n<p>Au cours de l\u2018audience qui a dur\u00e9 une heure le Duc de Castro pr\u00e9senta au Saint P\u00e8re le DVD d\u2019un nouveau  documentaire r\u00e9alis\u00e9 par l\u2019Ordre Constantinien intitul\u00e9 \u2018In Hoc Signo Vinces \u2013 Le Labarum Constantinien, 1700 ans d\u2019histoire\u201d\u2019 qui souligne l\u2019histoire de l\u2019Edit de Milan de l\u2019 Empereur Constantin dont on a  c\u00e9l\u00e9br\u00e9 le1700e anniversaire en 2013.<br \/>\n&nbsp;<\/p>\n<p>S.A.R. la Princesse Camilla de Bourbon des Deux Siciles, Duchesse de Castro, a \u00e9galement \u00e9t\u00e9 re\u00e7ue par le Pape Fran\u00e7ois et a  offert au  Saint P\u00e8re la premi\u00e8re copie de l\u2019\u00e9dition  limit\u00e9e de l\u2019ouvrage intitul\u00e9 \u201cIconographie de l\u2019Ordre Ang\u00e9lique Sacr\u00e9 et Militaire Constantinien de Saint Georges d\u00e9di\u00e9 \u00e0 la Majest\u00e9 Sacr\u00e9e de Ferdinand IV, roi des Deux Siciles, Grand Ma\u00eetre de l\u2019Ordre\u201d. L\u2019ouvrage relate par des illustrations l\u2019histoire de l\u2019Ordre Constantinien.<br \/>\n&nbsp;<\/p>\n<p><a href=\"http:\/\/www.constantinianorder.net\/wp-content\/uploads\/2014\/01\/Principessa-1.jpg\"><img loading=\"lazy\" decoding=\"async\" src=\"http:\/\/www.constantinianorder.net\/wp-content\/uploads\/2014\/01\/Principessa-1-250x166.jpg\" alt=\"Principessa 1\" width=\"250\" height=\"166\" class=\"alignleft size-thumbnail wp-image-15235\" \/><\/a><\/p>\n<p>Son Eminence le Cardinal Renato Raffaele Martino, Grand Prieur de l\u2019Ordre Constantinien et Pr\u00e9sident honoraire de l\u2019Institut Dignitatis Humanae \u00e9tait pr\u00e9sent avec d\u2019autres membres du Coll\u00e8ge Sacr\u00e9 des Cardinaux et des personnalit\u00e9s officielles de la Cit\u00e9 du Vatican.<br \/>\n&nbsp;<\/p>\n<p>Parmi les autres membres de l\u2019Ordre pr\u00e9sents et re\u00e7us en audience par le Saint P\u00e8re, on comptait Mme Eduarda Crociani Vesel, la m\u00e8re de S.A.R. la Duchesse de Castro, S.E. l\u2019Ambassadeur Giuseppe Balboni Acqua, Secr\u00e9taire General de la Maison Royale  et ancien Ambassadeur d\u2019Italie aupr\u00e8s du Saint Si\u00e8ge, S.E. Mr Anthony Bailey, D\u00e9l\u00e9gu\u00e9 pour la Grande-Bretagne et D\u00e9l\u00e9gu\u00e9 du Grand Magist\u00e8re pour les relations inter-religieuses et membre de l\u2019Institut Dignitatis Humanae, le Professeur Roberto de Mattei, Cyril et Lorna Woods of Slane, Mr Nirj Deva DL, MEP, le  R\u00e9v\u00e9rend Fr Michael Seed, SA, Professeur David Khalili, et Mr John Kennedy CBE DL.<br \/>\n&nbsp;<\/p>\n<p><a href=\"http:\/\/www.constantinianorder.net\/wp-content\/uploads\/2014\/01\/foto.jpg\"><img loading=\"lazy\" decoding=\"async\" src=\"http:\/\/www.constantinianorder.net\/wp-content\/uploads\/2014\/01\/foto-250x187.jpg\" alt=\"foto\" width=\"250\" height=\"187\" class=\"alignleft size-thumbnail wp-image-15236\" \/><\/a><\/p>\n<p>L\u2019Institut Dignitatis Humanae se veut une r\u00e9ponse \u00e0 l\u2019\u00e9chelle international au s\u00e9cularisme militant anti-chr\u00e9tien grandissant dans le monde occidental de nos jours.  Son existence \u00e0 pour but de promouvoir l\u2019Evangile au sein des sph\u00e8res politiques dans le respect et le renforcement des principes fondamentaux jud\u00e9o-chr\u00e9tiens de la culture occidentale mais toujours dans la tol\u00e9rance et le respect des autres confessions. Il s\u2019appuie sur les enseignements sociaux de l\u2019Eglise Catholique et est  eucumenique dans sa  composition.<br \/>\n&nbsp;<\/p>\n<p>L\u2019Institut Dignitatis Humanae a trois objectifs principaux. Le premier est de propager la reconnaissance que Dieu a fait l\u2019homme \u00e0 son image. Le second est d\u2019ancrer le concept que cette image de Dieu est pr\u00e9sente en chacun de nous de la conception \u00e0 la mort naturelle. Le troisi\u00e8me est de transmettre avec humilit\u00e9 que le meilleur moyen de diffuser cette id\u00e9e reste la participation active des Chr\u00e9tiens engag\u00e9s sur la sc\u00e8ne publique.<br \/>\n&nbsp;<\/p>\n<p>Le Saint P\u00e8re a soulign\u00e9 \u00e0 l\u2019assistance l\u2019enjeu en cas d\u2019\u00e9chec, mettant en garde contre la \u201cculture du vite consommable\u201d qui est en passe de devenir la mentalit\u00e9 dominante:<br \/>\n&nbsp;<\/p>\n<p>\u201cLes victimes d\u2019une telle culture sont pr\u00e9cis\u00e9ment les \u00eatres les plus fragiles et les plus faibles \u2013 les enfants \u00e0 na\u00eetre, les plus d\u00e9munis, les personnes \u00e2g\u00e9es ou malades, les personnes gravement handicap\u00e9es\u2026 qui sont menac\u00e9es d\u2019\u00eatre \u201cjet\u00e9es\u201d , expuls\u00e9es d\u2019un syst\u00e8me qui doit \u00eatre efficace co\u00fbte que co\u00fbte. \u201d. Ce mod\u00e8le trompeur de l\u2019homme et de la soci\u00e9t\u00e9 incarne une approche pratique ath\u00e9e qui nie de facto la Parole de Dieu qui dit : \u201cFaisons l\u2019Homme \u00e0 notre image, comme \u00e0 Notre ressemblance\u201d.<br \/>\n&nbsp;<\/p>\n<p>Pour t\u00e9l\u00e9charger le discours du Saint P\u00e8re <a href=\"http:\/\/www.constantinianorder.net\/wp-content\/uploads\/2013\/12\/Discours-de-Sa-Saintet\u00e9-le-Pape-Fran\u00e7ois-adress\u00e9-\u00e0-l\u2019Institut-Dignitatis-Humanae-au-Palais-Apostolique-le-7-d\u00e9cembre-2013.pdf\">cliquer ici<\/a>.<br \/>\n&nbsp;<\/p>\n<p>Pour plus d \u2018informations sur l\u2019Institut visiter le site <a href=\"http:\/\/www.dignitatishumanae.com\">www.dignitatishumanae.com<\/a>.<br \/>\n[hr]<\/p>\n","protected":false},"excerpt":{"rendered":"<p>Cit\u00e9 du Vatican \u2013 d\u00e9cembre 2013. S.A.R. le Prince Charles de Bourbon des Deux Siciles, Duc de Castro et Grand Ma\u00eetre de l\u2019Ordre Sacr\u00e9 et Militaire Constantinien de St Georges a \u00e9t\u00e9 re\u00e7u par Sa Saintet\u00e9 le Pape Fran\u00e7ois au cours d\u2019une audience tenue dans la salle Clementine du palais Apostolique de la cit\u00e9 du [&hellip;]<\/p>\n","protected":false},"author":1,"featured_media":15325,"comment_status":"closed","ping_status":"closed","sticky":false,"template":"","format":"standard","meta":{"footnotes":""},"categories":[186],"tags":[],"class_list":["post-15369","post","type-post","status-publish","format-standard","has-post-thumbnail","hentry","category-communiques-du-grand-magistere"],"_links":{"self":[{"href":"https:\/\/svil.constantinianorder.com\/fr\/wp-json\/wp\/v2\/posts\/15369","targetHints":{"allow":["GET"]}}],"collection":[{"href":"https:\/\/svil.constantinianorder.com\/fr\/wp-json\/wp\/v2\/posts"}],"about":[{"href":"https:\/\/svil.constantinianorder.com\/fr\/wp-json\/wp\/v2\/types\/post"}],"author":[{"embeddable":true,"href":"https:\/\/svil.constantinianorder.com\/fr\/wp-json\/wp\/v2\/users\/1"}],"replies":[{"embeddable":true,"href":"https:\/\/svil.constantinianorder.com\/fr\/wp-json\/wp\/v2\/comments?post=15369"}],"version-history":[{"count":1,"href":"https:\/\/svil.constantinianorder.com\/fr\/wp-json\/wp\/v2\/posts\/15369\/revisions"}],"predecessor-version":[{"id":61298,"href":"https:\/\/svil.constantinianorder.com\/fr\/wp-json\/wp\/v2\/posts\/15369\/revisions\/61298"}],"wp:featuredmedia":[{"embeddable":true,"href":"https:\/\/svil.constantinianorder.com\/fr\/wp-json\/"}],"wp:attachment":[{"href":"https:\/\/svil.constantinianorder.com\/fr\/wp-json\/wp\/v2\/media?parent=15369"}],"wp:term":[{"taxonomy":"category","embeddable":true,"href":"https:\/\/svil.constantinianorder.com\/fr\/wp-json\/wp\/v2\/categories?post=15369"},{"taxonomy":"post_tag","embeddable":true,"href":"https:\/\/svil.constantinianorder.com\/fr\/wp-json\/wp\/v2\/tags?post=15369"}],"curies":[{"name":"wp","href":"https:\/\/api.w.org\/{rel}","templated":true}]}}