{"id":1724,"date":"2012-06-28T10:42:46","date_gmt":"2012-06-28T10:42:46","guid":{"rendered":"http:\/\/www.constantinianorder.net\/?p=1724"},"modified":"2026-01-20T10:25:37","modified_gmt":"2026-01-20T10:25:37","slug":"reine-elizabeth-ii-envoie-un-message-a-lordre-constantinien-a-loccasion-du-jubile-de-diamant","status":"publish","type":"post","link":"https:\/\/svil.constantinianorder.com\/fr\/reine-elizabeth-ii-envoie-un-message-a-lordre-constantinien-a-loccasion-du-jubile-de-diamant\/","title":{"rendered":"Reine Elizabeth II envoie un message"},"content":{"rendered":"<p><a href=\"http:\/\/www.constantinianorder.net\/the-queen-sends-message-to-the-constantinian-order\/britains-queen-elizabeth-smiles-during-a-visit-to-margate-in-kent-southern-england\/\" rel=\"attachment wp-att-7553\"><img loading=\"lazy\" decoding=\"async\" class=\"alignnone size-medium wp-image-7553\" src=\"http:\/\/www.constantinianorder.net\/wp-content\/uploads\/2011\/10\/queen-horizontal-300x220.jpg\" alt=\"Britain's Queen Elizabeth smiles during a visit to Margate, in Kent, southern England\" width=\"300\" height=\"220\" \/><\/a><br \/>\nLondres, juin 2012. Sa Majest\u00e9 la Reine a envoy\u00e9 le message suivant en r\u00e9ponse \u00e0 un message de voeux Loyal \u00e9tendu au Souverain \u00e0 l&rsquo;occasion du jubil\u00e9 de diamant de son accession au tr\u00f4ne.<\/p>\n<p><em> \u00ab\u00a0J&rsquo;adresse mes remerciements au cardinal Avant, D\u00e9l\u00e9gu\u00e9, Vice-D\u00e9l\u00e9gu\u00e9, les aum\u00f4niers, les membres du Conseil et les Chevaliers et les Dames de la d\u00e9l\u00e9gation de la Grande-Bretagne et d&rsquo;Irlande de l&rsquo;Ordre Sacr\u00e9 et Militaire Constantinien de Saint-Georges et l&rsquo;arr\u00eat\u00e9 royal du Francis I pour leur aimable message de salutations fid\u00e8les, envoy\u00e9 \u00e0 l&rsquo;occasion du soixanti\u00e8me anniversaire de mon accession au tr\u00f4ne.<br \/>\n<em> \u00abEn retour, s&rsquo;il vous pla\u00eet accepter mes meilleurs v\u0153ux pour une ann\u00e9e la plus m\u00e9morable et agr\u00e9able jubil\u00e9 de diamant\u00a0\u00bb.<br \/>\nELIZABETH R.<\/em><\/em><\/p>\n<hr \/>\n","protected":false},"excerpt":{"rendered":"<p>Londres, juin 2012. Sa Majest\u00e9 la Reine a envoy\u00e9 le message suivant en r\u00e9ponse \u00e0 un message de voeux Loyal \u00e9tendu au Souverain \u00e0 l&rsquo;occasion du jubil\u00e9 de diamant de son accession au tr\u00f4ne. \u00ab\u00a0J&rsquo;adresse mes remerciements au cardinal Avant, D\u00e9l\u00e9gu\u00e9, Vice-D\u00e9l\u00e9gu\u00e9, les aum\u00f4niers, les membres du Conseil et les Chevaliers et les Dames de [&hellip;]<\/p>\n","protected":false},"author":1,"featured_media":15175,"comment_status":"closed","ping_status":"closed","sticky":false,"template":"","format":"standard","meta":{"footnotes":""},"categories":[313],"tags":[],"class_list":["post-1724","post","type-post","status-publish","format-standard","has-post-thumbnail","hentry","category-delegation-de-grande-bretagne-et-irlande"],"_links":{"self":[{"href":"https:\/\/svil.constantinianorder.com\/fr\/wp-json\/wp\/v2\/posts\/1724","targetHints":{"allow":["GET"]}}],"collection":[{"href":"https:\/\/svil.constantinianorder.com\/fr\/wp-json\/wp\/v2\/posts"}],"about":[{"href":"https:\/\/svil.constantinianorder.com\/fr\/wp-json\/wp\/v2\/types\/post"}],"author":[{"embeddable":true,"href":"https:\/\/svil.constantinianorder.com\/fr\/wp-json\/wp\/v2\/users\/1"}],"replies":[{"embeddable":true,"href":"https:\/\/svil.constantinianorder.com\/fr\/wp-json\/wp\/v2\/comments?post=1724"}],"version-history":[{"count":1,"href":"https:\/\/svil.constantinianorder.com\/fr\/wp-json\/wp\/v2\/posts\/1724\/revisions"}],"predecessor-version":[{"id":61316,"href":"https:\/\/svil.constantinianorder.com\/fr\/wp-json\/wp\/v2\/posts\/1724\/revisions\/61316"}],"wp:featuredmedia":[{"embeddable":true,"href":"https:\/\/svil.constantinianorder.com\/fr\/wp-json\/"}],"wp:attachment":[{"href":"https:\/\/svil.constantinianorder.com\/fr\/wp-json\/wp\/v2\/media?parent=1724"}],"wp:term":[{"taxonomy":"category","embeddable":true,"href":"https:\/\/svil.constantinianorder.com\/fr\/wp-json\/wp\/v2\/categories?post=1724"},{"taxonomy":"post_tag","embeddable":true,"href":"https:\/\/svil.constantinianorder.com\/fr\/wp-json\/wp\/v2\/tags?post=1724"}],"curies":[{"name":"wp","href":"https:\/\/api.w.org\/{rel}","templated":true}]}}