{"id":17737,"date":"2015-01-29T20:06:37","date_gmt":"2015-01-29T20:06:37","guid":{"rendered":"http:\/\/www.constantinianorder.net\/?p=17737"},"modified":"2026-02-04T14:13:34","modified_gmt":"2026-02-04T14:13:34","slug":"communique-de-presse-deces-du-delegue-de-toscane","status":"publish","type":"post","link":"https:\/\/svil.constantinianorder.com\/fr\/communique-de-presse-deces-du-delegue-de-toscane\/","title":{"rendered":"Communiqu\u00e9 de Presse &#8211;  DECES DU DELEGUE DE TOSCANE"},"content":{"rendered":"<p><strong><em><a href=\"http:\/\/www.constantinianorder.net\/wp-content\/uploads\/2014\/07\/red_cross_tub.jpg\"><img loading=\"lazy\" decoding=\"async\" class=\"alignleft wp-image-15786 size-full\" src=\"http:\/\/www.constantinianorder.net\/wp-content\/uploads\/2014\/07\/red_cross_tub.jpg\" alt=\"red_cross_tub\" width=\"150\" height=\"140\" \/><\/a>Rome, le 18 Janvier 2015. <\/em><\/strong>Le Grand Magist\u00e8re\u00a0 annonce le retour \u00e0 la Maison du P\u00e9re de la Comtesse Isabella Bernardini,\u00a0 d\u00e8l\u00e8gu\u00e9e de Toscane, qui a eu lieu aujourd\u2019hui \u00e0 Lucca\u00a0 et il invite tous les Chevaliers et les Dames \u00e0 participer spirituellement\u00a0 au deuil de la famille et de la D\u00e9l\u00e9gation en priant\u00a0 notre Seigneur pour l&rsquo;\u00e2me b\u00e9nie du d\u00e9funt.<\/p>\n<p>Au m\u00eame temps il informe que le D\u00e9l\u00e9gu\u00e9 Vicaire\u00a0 de Toscane, Illustre Comm. Edoardo Puccetti, il assume la responsabilit\u00e9 de la D\u00e9l\u00e9gation jusqu&rsquo;\u00e0\u00a0 qu&rsquo;il en soit d\u00e9cid\u00e9 autrement.<\/p>\n","protected":false},"excerpt":{"rendered":"<p>Rome, le 18 Janvier 2015. Le Grand Magist\u00e8re\u00a0 annonce le retour \u00e0 la Maison du P\u00e9re de la Comtesse Isabella Bernardini,\u00a0 d\u00e8l\u00e8gu\u00e9e de Toscane, qui a eu lieu aujourd\u2019hui \u00e0 Lucca\u00a0 et il invite tous les Chevaliers et les Dames \u00e0 participer spirituellement\u00a0 au deuil de la famille et de la D\u00e9l\u00e9gation en priant\u00a0 notre [&hellip;]<\/p>\n","protected":false},"author":1,"featured_media":0,"comment_status":"closed","ping_status":"open","sticky":false,"template":"","format":"standard","meta":{"footnotes":""},"categories":[187,170],"tags":[],"class_list":["post-17737","post","type-post","status-publish","format-standard","hentry","category-comunicados-del-gran-magisterio","category-delegation-de-toscane"],"_links":{"self":[{"href":"https:\/\/svil.constantinianorder.com\/fr\/wp-json\/wp\/v2\/posts\/17737","targetHints":{"allow":["GET"]}}],"collection":[{"href":"https:\/\/svil.constantinianorder.com\/fr\/wp-json\/wp\/v2\/posts"}],"about":[{"href":"https:\/\/svil.constantinianorder.com\/fr\/wp-json\/wp\/v2\/types\/post"}],"author":[{"embeddable":true,"href":"https:\/\/svil.constantinianorder.com\/fr\/wp-json\/wp\/v2\/users\/1"}],"replies":[{"embeddable":true,"href":"https:\/\/svil.constantinianorder.com\/fr\/wp-json\/wp\/v2\/comments?post=17737"}],"version-history":[{"count":1,"href":"https:\/\/svil.constantinianorder.com\/fr\/wp-json\/wp\/v2\/posts\/17737\/revisions"}],"predecessor-version":[{"id":60061,"href":"https:\/\/svil.constantinianorder.com\/fr\/wp-json\/wp\/v2\/posts\/17737\/revisions\/60061"}],"wp:attachment":[{"href":"https:\/\/svil.constantinianorder.com\/fr\/wp-json\/wp\/v2\/media?parent=17737"}],"wp:term":[{"taxonomy":"category","embeddable":true,"href":"https:\/\/svil.constantinianorder.com\/fr\/wp-json\/wp\/v2\/categories?post=17737"},{"taxonomy":"post_tag","embeddable":true,"href":"https:\/\/svil.constantinianorder.com\/fr\/wp-json\/wp\/v2\/tags?post=17737"}],"curies":[{"name":"wp","href":"https:\/\/api.w.org\/{rel}","templated":true}]}}