{"id":17822,"date":"2015-02-13T10:40:45","date_gmt":"2015-02-13T10:40:45","guid":{"rendered":"http:\/\/www.constantinianorder.net\/?p=17822"},"modified":"2026-02-04T11:30:08","modified_gmt":"2026-02-04T11:30:08","slug":"communique-de-presse-presentation-du-livre-le-long-royaume-vie-aventureuse-de-frederic-iii-roi-de-sicile","status":"publish","type":"post","link":"https:\/\/svil.constantinianorder.com\/fr\/communique-de-presse-presentation-du-livre-le-long-royaume-vie-aventureuse-de-frederic-iii-roi-de-sicile\/","title":{"rendered":"Communiqu\u00e9 de Presse &#8211;  Pr\u00e9sentation du livre \u00ab\u00a0Le long royaume &#8211; vie aventureuse de Fr\u00e9d\u00e9ric III Roi de Sicile\u00a0\u00bb"},"content":{"rendered":"<p><strong><em><a href=\"http:\/\/www.constantinianorder.net\/wp-content\/uploads\/2014\/07\/red_cross_tub.jpg\"><img loading=\"lazy\" decoding=\"async\" class=\"alignleft wp-image-15786 size-full\" src=\"http:\/\/www.constantinianorder.net\/wp-content\/uploads\/2014\/07\/red_cross_tub.jpg\" alt=\"red_cross_tub\" width=\"150\" height=\"140\" \/><\/a>Palerme &#8211; le 5 D\u00e9cembre\u00a0 2014. <\/em><\/strong>Dans le cadre des activit\u00e9s culturelles promues par la d\u00e9l\u00e9gation de\u00a0 Sicile de l\u2019Ordre\u00a0 Sacr\u00e9 et Militaire Constantinien de Saint-Georges visant \u00e0 la connaissance de l&rsquo;histoire sicilienne,a eu lieu, le 5 D\u00e9cembre, dans la salle de r\u00e9union de l&rsquo;h\u00f4tel Joli de Palerme, une r\u00e9union pour la pr\u00e9sentation du dernier livre \u00e9crit par l&rsquo;historien et essayiste Pasquale Hamel \u00ab\u00a0lE LONG ROYAUME &#8211; vie aventureuse de Fr\u00e9d\u00e9ric III Roi de Sicile\u00a0\u00bb, Rubettino Editeur, le premier livre de la s\u00e9rie Etudes et\u00a0 Recherches \u00ab\u00a0la nouvelle R\u00e9gion \u00ab\u00a0, promu par l\u2019Association des anciens d\u00e9put\u00e9s de l\u2019Asseml\u00e9e\u00a0 r\u00e9gionale sicilienne.<\/p>\n<p>Un public curieux et attentif a \u00e9t\u00e9 propuls\u00e9 dans la vie m\u00e9di\u00e9vale sicilienne allant de 1296 \u00e0 1337 une merveilleuse p\u00e9riode historique pour la\u00a0 Sicile\u00a0 qui peut bien s\u2019en vanter, mais qui a souvent\u00a0 \u00e9t\u00e9\u00a0 m\u00e9connue, n\u00e9glig\u00e9e par les historiens officiels..<\/p>\n<p>Tr\u00e8s articul\u00e9s les discours qui ont suivi : ceux des passionn\u00e9s\u00a0 de l&rsquo;histoire sicilienne comme le Chevalier dr.Baldassarre Cacioppo,\u00a0 le Noble dr. Antonio di Janni, le Chevalier Gr. Cr. Di Grazia, D\u00e9l\u00e9gu\u00e9 Vicaire de la Sicile de l&rsquo;Ordre Constantinien, celui de l\u2019auteur du livre\u00a0 prof. Pasquale Hamel, et le discour conclusif\u00a0 du Prof. Paola Francesca Massara, professeur d\u2019 arch\u00e9ologie Chretienne et d\u2019histoire de l&rsquo;art \u00e0 la Facult\u00e9 Pontificale de Th\u00e9ologie de Sicile \u00ab\u00a0San Giovanni Evangelista\u00a0\u00bb.<\/p>\n<p>L&rsquo;introduction \u00e0 l&rsquo;ouvrage a \u00e9t\u00e9 \u00e9dit\u00e9 par le Chevalier Cacioppo, qui, par son intervention, enrichi par des diapositives, a retrac\u00e9 les actions et les r\u00e9formes constitutionnelles de ce grand homme et grand dirigeant \u00ab\u00e9lu\u00bb par le Parlement Sicilien.\u00a0\u00bbPrimus inter pares\u00a0\u00bb au cours de ses 41 ann\u00e9es de gouvernement il fit de l\u2019 l&rsquo;ind\u00e9pendance et de l&rsquo;autonomie du royaume de Sicile, n\u00e9\u00a0 pendant la guerre des\u00a0 V\u00eapres siciliennes,\u00a0 le vrai but de sa mission terrestre,\u00a0 payant cher sa lutte contre tous. Dans son discorus\u00a0 il a aussi rappel\u00e9 le Chevalier\u00a0 Constantinienne Prof. Corrado Mirto, professeur universitaire et l&rsquo;un des plus grands connaisserur de la Sicile m\u00e9di\u00e9vale: c\u2019est gra\u00e7e \u00e0 lui que deux\u00a0 reconstitutions historiques tr\u00e9s importantes, li\u00e9 au grand Roi sicilien.\u00a0 ont pu avoir lieu: l&rsquo;identification de la tombe dans la cath\u00e9drale de Catane et la reconstruction du drapeau du royaume de Sicile.<\/p>\n<p>Le d\u00e9l\u00e9gu\u00e9 Vicaire de la Sicile, dr. Antonio di Janni, promoteur de l&rsquo;\u00e9v\u00e9nement et \u00e9rudit de l&rsquo;histoire du Royaume des Deux-Siciles apr\u00e8s avoir affirm\u00e9 que l&rsquo;initiative vise \u00e0 r\u00e9cup\u00e9rer l&rsquo;histoire du Moyen age, periode historique qui a souvent \u00e9t\u00e9 oubli\u00e9e ou d\u00e9lib\u00e9r\u00e9ment omise, d\u00e9crit la figure et le charisme du Roi du Royaume de Sicile qui a toujours gouvern\u00e9 avec l\u2019appui et la fidelit\u00e9 totale du Peuple sicilien..<\/p>\n<p>Dans son discours, il a soulign\u00e9 que la dynastie aragonaise, \u00e0 laquelle appartient Fr\u00e9d\u00e9ric III, peut se vanter de detenir un record dams\u00a0 l&rsquo;histoire\u00a0 sicilienne: em effet le\u00a0 descendant Alphonse V le Magnanime, d\u00e9j\u00e0 Roi de Sicile, apr\u00e8s la victoire sur les Angevins et sa conqu\u00eate du Royaume de Naples, en 1441, il a unifie les deux Royaumes et prend le titre de premier Roi des Deux-Siciles.<\/p>\n<p>L&rsquo;\u00e9crivain, prof. Hamel, dans son discours passionn\u00e9 a mis en \u00e9vidence le r\u00f4le prestigieux du Royaume de Sicile dans la zone m\u00e9diterran\u00e9enne\u00a0 et les relations avec l&rsquo;Empire Latijn\u00a0 d&rsquo;Orient, byzantine, avec les Arabe et les Juifs. Il a termin\u00e9 son discours en soulignant que le Roi Fr\u00e9d\u00e9ric III est une figure \u00ab\u00a0charg\u00e9e des consequences apr\u00e8s les V\u00eapres,\u00a0 victime d&rsquo;une lecture id\u00e9ologique de l&rsquo;histoire sicilienne, qui a repr\u00e9sent\u00e9 l&rsquo;id\u00e9e d&rsquo;une nation sicilienne s\u00e9par\u00e9e du reste du pays, id\u00e9e qui n\u2019aurait jamais pu\u00a0 \u00eatre accept\u00e9e par l&rsquo;historiographie officielle. Un tel\u00a0 pr\u00e9jug\u00e9 a eu une influence d\u00e9cisive sur la lecture de cette periode historique et sur le r\u00f4le de ce Roi \u00ab\u00a0.<\/p>\n<p>Le Professeur Paola Francesca Massara, dans son discours\u00a0 a offert aux participants de la \u201cnourriture\u201d pour une r\u00e9flexion critique, corr\u00e9lative \u00e0 la lecture du livre, sur \u00ab\u00a0faire l&rsquo;histoire\u00a0\u00bb, \u00ab\u00a0raconter l&rsquo;histoire\u00a0\u00bb, \u00ab\u00a0se faire de l&rsquo;histoire.\u00a0\u00bb Elle a \u00e9galement r\u00e9v\u00e9l\u00e9 l la situation historique de la p\u00e9riode sous enqu\u00eate dans une comparaison parall\u00e8le avec les t\u00e9moignages de la culture mat\u00e9rielle et des donne de l&rsquo;auto-repr\u00e9sentation, en soulignant la souffrance d&rsquo;une \u00eele d\u00e9vast\u00e9e par un si\u00e8cle de guerres et des razzias, \u00e0 laquelle\u00a0 m\u00eame le fin de la guerre des V\u00eapres n&rsquo;a pas apport\u00e9 une paix d\u00e9finitive et durable. Elle a poursuivi son discours en faisant l&rsquo;\u00e9loge des actions du souverain pour soutenir le mouvement franciscain du paup\u00e9risme et l&rsquo;expansion des ordres mendiants.<\/p>\n<p>Un ouvrage, celui du professeur. Hamel, \u00e9crit dans un langage simple et coulissant, qui m\u00e9rite une attention appropri\u00e9e, qui implique le lecteur, non seulement\u00a0 en lui faisant\u00a0 revivre une \u00e9poque glorieuse d\u2019une belle \u00eele m\u00e9diterran\u00e9enne , la Sicile, gr\u00e2ce \u00e0 la chronologie pr\u00e9cise des \u00e9v\u00e9nements men\u00e9e par ce brave chevalier toujours pr\u00eat, \u00e9p\u00e9e \u00e0 la main,\u00a0 \u00e0 d\u00e9fendre l&rsquo;autonomie et l&rsquo;ind\u00e9pendance,\u00a0 mais aussi en lui faisant\u00a0 appr\u00e9cier les qualit\u00e9s humaines, politiques et militaires d&rsquo;un personnage qui a fait que les Siciliens se sentiraient fiers d&rsquo;\u00eatre siciliens<\/p>\n<p>Un personnage inconnu par la plupart des gens, \u00ab\u00a0Fr\u00e9d\u00e9ric III roi de Sicile\u00bb, mais mentionn\u00e9e par Dante, dans le troisi\u00e8me chant de la Divine Com\u00e9die avec cette definition :\u201d\u00a0 l&rsquo;honneur de Cecilia et Aragone\u201d<\/p>\n","protected":false},"excerpt":{"rendered":"<p>Palerme &#8211; le 5 D\u00e9cembre\u00a0 2014. Dans le cadre des activit\u00e9s culturelles promues par la d\u00e9l\u00e9gation de\u00a0 Sicile de l\u2019Ordre\u00a0 Sacr\u00e9 et Militaire Constantinien de Saint-Georges visant \u00e0 la connaissance de l&rsquo;histoire sicilienne,a eu lieu, le 5 D\u00e9cembre, dans la salle de r\u00e9union de l&rsquo;h\u00f4tel Joli de Palerme, une r\u00e9union pour la pr\u00e9sentation du dernier [&hellip;]<\/p>\n","protected":false},"author":1,"featured_media":0,"comment_status":"open","ping_status":"open","sticky":false,"template":"","format":"standard","meta":{"footnotes":""},"categories":[166],"tags":[],"class_list":["post-17822","post","type-post","status-publish","format-standard","hentry","category-delegation-de-la-sicile"],"_links":{"self":[{"href":"https:\/\/svil.constantinianorder.com\/fr\/wp-json\/wp\/v2\/posts\/17822","targetHints":{"allow":["GET"]}}],"collection":[{"href":"https:\/\/svil.constantinianorder.com\/fr\/wp-json\/wp\/v2\/posts"}],"about":[{"href":"https:\/\/svil.constantinianorder.com\/fr\/wp-json\/wp\/v2\/types\/post"}],"author":[{"embeddable":true,"href":"https:\/\/svil.constantinianorder.com\/fr\/wp-json\/wp\/v2\/users\/1"}],"replies":[{"embeddable":true,"href":"https:\/\/svil.constantinianorder.com\/fr\/wp-json\/wp\/v2\/comments?post=17822"}],"version-history":[{"count":1,"href":"https:\/\/svil.constantinianorder.com\/fr\/wp-json\/wp\/v2\/posts\/17822\/revisions"}],"predecessor-version":[{"id":60105,"href":"https:\/\/svil.constantinianorder.com\/fr\/wp-json\/wp\/v2\/posts\/17822\/revisions\/60105"}],"wp:attachment":[{"href":"https:\/\/svil.constantinianorder.com\/fr\/wp-json\/wp\/v2\/media?parent=17822"}],"wp:term":[{"taxonomy":"category","embeddable":true,"href":"https:\/\/svil.constantinianorder.com\/fr\/wp-json\/wp\/v2\/categories?post=17822"},{"taxonomy":"post_tag","embeddable":true,"href":"https:\/\/svil.constantinianorder.com\/fr\/wp-json\/wp\/v2\/tags?post=17822"}],"curies":[{"name":"wp","href":"https:\/\/api.w.org\/{rel}","templated":true}]}}