{"id":18168,"date":"2015-02-17T17:54:58","date_gmt":"2015-02-17T17:54:58","guid":{"rendered":"http:\/\/www.constantinianorder.net\/?p=18168"},"modified":"2026-02-04T11:29:59","modified_gmt":"2026-02-04T11:29:59","slug":"retraite-spirituelle-de-la-delegation-de-sicile-a-patti-pour-noel","status":"publish","type":"post","link":"https:\/\/svil.constantinianorder.com\/fr\/retraite-spirituelle-de-la-delegation-de-sicile-a-patti-pour-noel\/","title":{"rendered":"Retraite spirituelle  de la D\u00e9l\u00e9gation de Sicile  \u00e0  Patti pour No\u00ebl"},"content":{"rendered":"<p><em><strong><a href=\"http:\/\/www.constantinianorder.net\/wp-content\/uploads\/2014\/12\/Patti-20-12-14-357.jpg\"><img loading=\"lazy\" decoding=\"async\" class=\"alignleft wp-image-17458\" src=\"http:\/\/www.constantinianorder.net\/wp-content\/uploads\/2014\/12\/Patti-20-12-14-357-500x311.jpg\" alt=\"Patti 20-12-14 357\" width=\"244\" height=\"152\" \/><\/a><\/strong><\/em><\/p>\n<p><strong><em>Patti &#8211; Le 1 D\u00e9cembre 2014 <\/em><\/strong>Aupr\u00e8s de la cath\u00e9drale de Patti, Monseigneur\u00a0 Zambito Ignace, \u00e9v\u00eaque du dioc\u00e8se de Patti et comm.de Grace Eccl\u00e9siastique, a c\u00e9l\u00e9br\u00e9 une messe\u00a0 pontificale pour les Chevaliers et les Dames de la D\u00e9l\u00e9gation sicilienne de l\u2019Ordre\u00a0 Constantinien.<\/p>\n<p>La D\u00e9l\u00e9gation a offert \u00e0\u00a0 la cath\u00e9drale la\u00a0 \u00ab\u00a0Via Crucis\u00a0\u00bb, une oeuvre de l\u2019artiste de\u00a0 Palerme professeur Maria Grazia di Giorgio.<\/p>\n<p>Avant la messe, l&rsquo;\u00e9v\u00eaque a pr\u00e9sid\u00e9, pour les Chevaliers constantiniens, une retraite pour la pr\u00e9paration \u00e0 le f\u00eate de No\u00ebl, donnant \u00e0 chacun\u00a0 une Bible publi\u00e9e par son dioc\u00e8se.<\/p>\n<p>\u00c0 la fin de la messe pontificale on a remis\u00a0 le titre de chevalier de gr\u00e2ce ecclesiastique au canon Don Antonio Morabito et les dipl\u00f4mes de chevaliers \u00e0 Giuseppe Stagno, Natale Modica, Giuseppe Petronaci et Antonio Ciancio D&rsquo;Arrigo, qui n\u2019 \u00e9taient pas pr\u00e9sents, en F\u00e9vrier, au moment de l\u2019 investiture \u00e0 la cath\u00e9drale de Monreale.<\/p>\n<p>Beaucoup de\u00a0 participants de la d\u00e9l\u00e9gation sicilienne, dirig\u00e9e par le vicaire adjoint pour la Sicile Dr Antonio di Janni chevalier de grace, avec les aum\u00f4niers Constantiniens\u00a0 Don Antonio Cipriano Archipr\u00eatre de Caronia et le p\u00e8re Mario Savarese des P\u00e8res Minimi de Milazzo. Et encore, les chevaliers: Giovanni Bonanno, Franz Riccobono, Santi Legrottaglie, Salvatore Italiano, Salvatore Scalzo, Benedetto Salamone, Salvatore Mangione, Emanuele Scarlata, Giuseppe Barca, Vincenzo Nuccio, Carmelo Sammarco, Gasperino Como, Salvatore Romano, Domenico Scapati, Claudio Ragusa, Salvatore Orobello, Marcello Cantone, Michele Tramontana, Salvatore Favata, Claudio Giuffr\u00e9, Calogero Di Naro et la Dame Santina Ferlito.<\/p>\n<p><em><strong>\u00a0<\/strong><\/em><\/p>\n<p><!--more--><\/p>\n<p><a href=\"http:\/\/www.constantinianorder.net\/wp-content\/uploads\/2014\/12\/Patti-20-12-14-027.jpg\"><img loading=\"lazy\" decoding=\"async\" class=\"alignnone size-medium wp-image-17456\" src=\"http:\/\/www.constantinianorder.net\/wp-content\/uploads\/2014\/12\/Patti-20-12-14-027-500x333.jpg\" alt=\"Patti 20-12-14 027\" width=\"500\" height=\"333\" \/><\/a> <a href=\"http:\/\/www.constantinianorder.net\/wp-content\/uploads\/2014\/12\/Patti-20-12-14-140.jpg\"><img loading=\"lazy\" decoding=\"async\" class=\"alignnone size-medium wp-image-17457\" src=\"http:\/\/www.constantinianorder.net\/wp-content\/uploads\/2014\/12\/Patti-20-12-14-140-500x333.jpg\" alt=\"Patti 20-12-14 140\" width=\"500\" height=\"333\" \/><\/a> <a href=\"http:\/\/www.constantinianorder.net\/wp-content\/uploads\/2014\/12\/Patti-20-12-14-357.jpg\"><img loading=\"lazy\" decoding=\"async\" class=\"alignnone size-medium wp-image-17458\" src=\"http:\/\/www.constantinianorder.net\/wp-content\/uploads\/2014\/12\/Patti-20-12-14-357-500x311.jpg\" alt=\"Patti 20-12-14 357\" width=\"500\" height=\"311\" \/><\/a><\/p>\n","protected":false},"excerpt":{"rendered":"<p>Patti &#8211; Le 1 D\u00e9cembre 2014 Aupr\u00e8s de la cath\u00e9drale de Patti, Monseigneur\u00a0 Zambito Ignace, \u00e9v\u00eaque du dioc\u00e8se de Patti et comm.de Grace Eccl\u00e9siastique, a c\u00e9l\u00e9br\u00e9 une messe\u00a0 pontificale pour les Chevaliers et les Dames de la D\u00e9l\u00e9gation sicilienne de l\u2019Ordre\u00a0 Constantinien. La D\u00e9l\u00e9gation a offert \u00e0\u00a0 la cath\u00e9drale la\u00a0 \u00ab\u00a0Via Crucis\u00a0\u00bb, une oeuvre de [&hellip;]<\/p>\n","protected":false},"author":1,"featured_media":0,"comment_status":"open","ping_status":"open","sticky":false,"template":"","format":"standard","meta":{"footnotes":""},"categories":[167],"tags":[],"class_list":["post-18168","post","type-post","status-publish","format-standard","hentry","category-delegacion-de-la-sicilia"],"_links":{"self":[{"href":"https:\/\/svil.constantinianorder.com\/fr\/wp-json\/wp\/v2\/posts\/18168","targetHints":{"allow":["GET"]}}],"collection":[{"href":"https:\/\/svil.constantinianorder.com\/fr\/wp-json\/wp\/v2\/posts"}],"about":[{"href":"https:\/\/svil.constantinianorder.com\/fr\/wp-json\/wp\/v2\/types\/post"}],"author":[{"embeddable":true,"href":"https:\/\/svil.constantinianorder.com\/fr\/wp-json\/wp\/v2\/users\/1"}],"replies":[{"embeddable":true,"href":"https:\/\/svil.constantinianorder.com\/fr\/wp-json\/wp\/v2\/comments?post=18168"}],"version-history":[{"count":1,"href":"https:\/\/svil.constantinianorder.com\/fr\/wp-json\/wp\/v2\/posts\/18168\/revisions"}],"predecessor-version":[{"id":60129,"href":"https:\/\/svil.constantinianorder.com\/fr\/wp-json\/wp\/v2\/posts\/18168\/revisions\/60129"}],"wp:attachment":[{"href":"https:\/\/svil.constantinianorder.com\/fr\/wp-json\/wp\/v2\/media?parent=18168"}],"wp:term":[{"taxonomy":"category","embeddable":true,"href":"https:\/\/svil.constantinianorder.com\/fr\/wp-json\/wp\/v2\/categories?post=18168"},{"taxonomy":"post_tag","embeddable":true,"href":"https:\/\/svil.constantinianorder.com\/fr\/wp-json\/wp\/v2\/tags?post=18168"}],"curies":[{"name":"wp","href":"https:\/\/api.w.org\/{rel}","templated":true}]}}