{"id":18170,"date":"2015-02-17T18:20:35","date_gmt":"2015-02-17T18:20:35","guid":{"rendered":"http:\/\/www.constantinianorder.net\/?p=18170"},"modified":"2026-02-04T11:29:52","modified_gmt":"2026-02-04T11:29:52","slug":"diner-de-noel-a-lhospice-balsamo-a-monreale","status":"publish","type":"post","link":"https:\/\/svil.constantinianorder.com\/fr\/diner-de-noel-a-lhospice-balsamo-a-monreale\/","title":{"rendered":"D\u00eener de No\u00ebl \u00e0 l\u2019hospice Balsamo \u00e0 Monreale"},"content":{"rendered":"<p><strong><a href=\"http:\/\/www.constantinianorder.net\/wp-content\/uploads\/2015\/01\/12-ospizio-Balsamo.jpg\"><img loading=\"lazy\" decoding=\"async\" class=\"alignleft wp-image-17479\" src=\"http:\/\/www.constantinianorder.net\/wp-content\/uploads\/2015\/01\/12-ospizio-Balsamo-500x333.jpg\" alt=\"12 ospizio Balsamo\" width=\"239\" height=\"159\" \/><\/a><\/strong><\/p>\n<p><strong>Monreale-\u00a0 le 25 D\u00e9cembre 2014. <\/strong>Encore un rendez-vous important pour\u00a0 l&rsquo;Ordre Constantinien qui nous confirme\u00a0 son engagement\u00a0 pour aider les fr\u00e8res qui,\u00a0 pour diverses raisons, sont dans des situations de difficult\u00e9.<\/p>\n<p>Le rendez-vous a eu lieu \u00e0 l\u2019 op\u00e9ra pieuse Benedetto Balsamo \u00e0 Monreale et a \u00e9t\u00e9 l&rsquo;occasion d&rsquo;une r\u00e9union non seulement avec ceux qui passent \u00e0 la maison pour un seul jour, mais aussi avec tous ceux qui contribuent avec leur aide tout au cours de l\u2019ann\u00e9e.<\/p>\n<p>La r\u00e9union a \u00e9t\u00e9 suivie par l&rsquo;archev\u00eaque de Monreale SE Monseigneur Michele Pennisi, Prieur\u00a0 constantinien pour la Sicile, le d\u00e9l\u00e9gu\u00e9 vicaire de l\u2019Ordre le Chevalier de\u00a0 Gr\u00e2ce Antonio di Janni, le vicaire de l&rsquo;archidioc\u00e8se Monseigneur\u00a0 Antonino Dolce, le pasteur de la cath\u00e9drale Don Nicola Gaglio, le secr\u00e9taire de l\u2019archev\u00eaque Don Giacomo Sgroi, les chaplelains constantiniens, le maire de Monreale l&rsquo;avocat Pietro\u00a0 Capizzi, le conseiller municipal Professeur Manuela Quadrante, le secr\u00e9taire de l&rsquo;\u0153uvre pieuse Dr Viola et les chevaliers\u00a0 constantiniens Vincenzo Nuccio, Carmelo Sammarco, Fabrizio Ippoliti et la Dame professeur Santa Ferlito. Les chevaliers constantiniens et leur Prieur ont servi le diner aux r\u00e9sidents de l&rsquo;hospice\u00a0 et puis d\u00e9jeuner ils ont mange tous ensemble.<\/p>\n<p>Tout a \u00e9t\u00e9 offert par la d\u00e9l\u00e9gation de Sicile et prepar\u00e9 par le chef de l\u2019op\u00e9ra pieuse Balsamo.<\/p>\n<p>Dans son discours l&rsquo;archev\u00eaque a\u00a0 fait remarquer l\u2019importance de l&rsquo;activit\u00e9 de l&rsquo;Ordre et comment l&rsquo;organisme de bienfaisance de Monreale est \u201cun poumon\u201d et un sanctuaire d\u2019&rsquo;humanit\u00e9.<\/p>\n<p>Le \u00a0d\u00e9l\u00e9gu\u00e9 vicaire a rappe\u00e9\u00a0 l&rsquo;engagement, non seulement pour l&rsquo;\u00e9v\u00e9nement d&rsquo;aujourd&rsquo;hui, mais aussi pour le projet \u00abMiettes de sant\u00e9\u00a0\u00bb qui, gr\u00e2ce \u00e0 l&rsquo;archev\u00eaque et aux b\u00e9n\u00e9voles locaux, est maintenant devenu un\u00a0 point de r\u00e9p\u00e8re important pour les nombreuses familles n\u00e9cessiteuses avec enfants entre 0 et 36 mois. Le maire a remerci\u00e9 l&rsquo;archev\u00eaque pour\u00a0 son engagement en faveur non seulement des plus faibles, mais aussi pour l&rsquo;activit\u00e9 pastorale qui est aussi une incitation pour les politiciens. Pendant les salutations\u00a0 un clin d&rsquo;\u0153il aux difficult\u00e9s \u00e9conomiques de la structure qui se refl\u00e8tent dans la vie des op\u00e9rateurs\u00a0 qui sont en tout cas \u00e0 remercier pour la passion et l&rsquo;amour qu\u2019ils donnent aux r\u00e9sidents de l\u2019hospice et qu\u2019il faudrait soutenir au maximum parce que les remerciemnts tous seuls ne sont pas assez pour vivre.<\/p>\n<p><strong>\u00a0<\/strong><\/p>\n<p><!--more--><\/p>\n<p><a href=\"http:\/\/www.constantinianorder.net\/wp-content\/uploads\/2015\/01\/distribuzione-degli-alimenti-a-Nuov.-Briciole-di-salute-4.jpg\"><img loading=\"lazy\" decoding=\"async\" class=\"alignnone size-medium wp-image-17481\" src=\"http:\/\/www.constantinianorder.net\/wp-content\/uploads\/2015\/01\/distribuzione-degli-alimenti-a-Nuov.-Briciole-di-salute-4-500x353.jpg\" alt=\"distribuzione degli alimenti a Nuov. Briciole di salute (4)\" width=\"500\" height=\"353\" \/><\/a> <a href=\"http:\/\/www.constantinianorder.net\/wp-content\/uploads\/2015\/01\/distribuzione-degli-alimenti-a-Nuov.-Briciole-di-Salute-2.jpg\"><img loading=\"lazy\" decoding=\"async\" class=\"alignnone size-medium wp-image-17480\" src=\"http:\/\/www.constantinianorder.net\/wp-content\/uploads\/2015\/01\/distribuzione-degli-alimenti-a-Nuov.-Briciole-di-Salute-2-500x333.jpg\" alt=\"distribuzione degli alimenti a Nuov. Briciole di Salute (2)\" width=\"500\" height=\"333\" \/><\/a> <a href=\"http:\/\/www.constantinianorder.net\/wp-content\/uploads\/2015\/01\/12-ospizio-Balsamo.jpg\"><img loading=\"lazy\" decoding=\"async\" class=\"alignnone size-medium wp-image-17479\" src=\"http:\/\/www.constantinianorder.net\/wp-content\/uploads\/2015\/01\/12-ospizio-Balsamo-500x333.jpg\" alt=\"12 ospizio Balsamo\" width=\"500\" height=\"333\" \/><\/a> <a href=\"http:\/\/www.constantinianorder.net\/wp-content\/uploads\/2015\/01\/9-ospizio-Balsamo.jpg\"><img loading=\"lazy\" decoding=\"async\" class=\"alignnone size-medium wp-image-17478\" src=\"http:\/\/www.constantinianorder.net\/wp-content\/uploads\/2015\/01\/9-ospizio-Balsamo-500x333.jpg\" alt=\"9 ospizio Balsamo\" width=\"500\" height=\"333\" \/><\/a> <a href=\"http:\/\/www.constantinianorder.net\/wp-content\/uploads\/2015\/01\/8-ospizio-Balsamo.jpg\"><img loading=\"lazy\" decoding=\"async\" class=\"alignnone size-medium wp-image-17477\" src=\"http:\/\/www.constantinianorder.net\/wp-content\/uploads\/2015\/01\/8-ospizio-Balsamo-500x333.jpg\" alt=\"8 ospizio Balsamo\" width=\"500\" height=\"333\" \/><\/a> <a href=\"http:\/\/www.constantinianorder.net\/wp-content\/uploads\/2015\/01\/7-ospizio-Balsamo.jpg\"><img loading=\"lazy\" decoding=\"async\" class=\"alignnone size-medium wp-image-17476\" src=\"http:\/\/www.constantinianorder.net\/wp-content\/uploads\/2015\/01\/7-ospizio-Balsamo-500x333.jpg\" alt=\"7 ospizio Balsamo\" width=\"500\" height=\"333\" \/><\/a> <a href=\"http:\/\/www.constantinianorder.net\/wp-content\/uploads\/2015\/01\/5-Ospizio-Balsamo.jpg\"><img loading=\"lazy\" decoding=\"async\" class=\"alignnone size-medium wp-image-17475\" src=\"http:\/\/www.constantinianorder.net\/wp-content\/uploads\/2015\/01\/5-Ospizio-Balsamo-500x333.jpg\" alt=\"5 Ospizio Balsamo\" width=\"500\" height=\"333\" \/><\/a> <a href=\"http:\/\/www.constantinianorder.net\/wp-content\/uploads\/2015\/01\/4-ospizio-Balsamo.jpg\"><img loading=\"lazy\" decoding=\"async\" class=\"alignnone size-medium wp-image-17474\" src=\"http:\/\/www.constantinianorder.net\/wp-content\/uploads\/2015\/01\/4-ospizio-Balsamo-500x333.jpg\" alt=\"4 ospizio Balsamo\" width=\"500\" height=\"333\" \/><\/a> <a href=\"http:\/\/www.constantinianorder.net\/wp-content\/uploads\/2015\/01\/3-ospizio-Balsamo.jpg\"><img loading=\"lazy\" decoding=\"async\" class=\"alignnone size-medium wp-image-17473\" src=\"http:\/\/www.constantinianorder.net\/wp-content\/uploads\/2015\/01\/3-ospizio-Balsamo-500x333.jpg\" alt=\"3 ospizio Balsamo\" width=\"500\" height=\"333\" \/><\/a> <a href=\"http:\/\/www.constantinianorder.net\/wp-content\/uploads\/2015\/01\/2-ospizio-Balsamo.jpg\"><img loading=\"lazy\" decoding=\"async\" class=\"alignnone size-medium wp-image-17472\" src=\"http:\/\/www.constantinianorder.net\/wp-content\/uploads\/2015\/01\/2-ospizio-Balsamo-500x333.jpg\" alt=\"2 ospizio Balsamo\" width=\"500\" height=\"333\" \/><\/a> <a href=\"http:\/\/www.constantinianorder.net\/wp-content\/uploads\/2015\/01\/1-ospizio-Balsamo.jpg\"><img loading=\"lazy\" decoding=\"async\" class=\"alignnone size-medium wp-image-17471\" src=\"http:\/\/www.constantinianorder.net\/wp-content\/uploads\/2015\/01\/1-ospizio-Balsamo-500x333.jpg\" alt=\"1 ospizio Balsamo\" width=\"500\" height=\"333\" \/><\/a><\/p>\n","protected":false},"excerpt":{"rendered":"<p>Monreale-\u00a0 le 25 D\u00e9cembre 2014. Encore un rendez-vous important pour\u00a0 l&rsquo;Ordre Constantinien qui nous confirme\u00a0 son engagement\u00a0 pour aider les fr\u00e8res qui,\u00a0 pour diverses raisons, sont dans des situations de difficult\u00e9. Le rendez-vous a eu lieu \u00e0 l\u2019 op\u00e9ra pieuse Benedetto Balsamo \u00e0 Monreale et a \u00e9t\u00e9 l&rsquo;occasion d&rsquo;une r\u00e9union non seulement avec ceux qui [&hellip;]<\/p>\n","protected":false},"author":1,"featured_media":0,"comment_status":"open","ping_status":"open","sticky":false,"template":"","format":"standard","meta":{"footnotes":""},"categories":[167],"tags":[],"class_list":["post-18170","post","type-post","status-publish","format-standard","hentry","category-delegacion-de-la-sicilia"],"_links":{"self":[{"href":"https:\/\/svil.constantinianorder.com\/fr\/wp-json\/wp\/v2\/posts\/18170","targetHints":{"allow":["GET"]}}],"collection":[{"href":"https:\/\/svil.constantinianorder.com\/fr\/wp-json\/wp\/v2\/posts"}],"about":[{"href":"https:\/\/svil.constantinianorder.com\/fr\/wp-json\/wp\/v2\/types\/post"}],"author":[{"embeddable":true,"href":"https:\/\/svil.constantinianorder.com\/fr\/wp-json\/wp\/v2\/users\/1"}],"replies":[{"embeddable":true,"href":"https:\/\/svil.constantinianorder.com\/fr\/wp-json\/wp\/v2\/comments?post=18170"}],"version-history":[{"count":1,"href":"https:\/\/svil.constantinianorder.com\/fr\/wp-json\/wp\/v2\/posts\/18170\/revisions"}],"predecessor-version":[{"id":60134,"href":"https:\/\/svil.constantinianorder.com\/fr\/wp-json\/wp\/v2\/posts\/18170\/revisions\/60134"}],"wp:attachment":[{"href":"https:\/\/svil.constantinianorder.com\/fr\/wp-json\/wp\/v2\/media?parent=18170"}],"wp:term":[{"taxonomy":"category","embeddable":true,"href":"https:\/\/svil.constantinianorder.com\/fr\/wp-json\/wp\/v2\/categories?post=18170"},{"taxonomy":"post_tag","embeddable":true,"href":"https:\/\/svil.constantinianorder.com\/fr\/wp-json\/wp\/v2\/tags?post=18170"}],"curies":[{"name":"wp","href":"https:\/\/api.w.org\/{rel}","templated":true}]}}