{"id":18301,"date":"2015-02-17T18:37:17","date_gmt":"2015-02-17T18:37:17","guid":{"rendered":"http:\/\/www.constantinianorder.net\/?p=18301"},"modified":"2026-02-05T15:38:03","modified_gmt":"2026-02-05T15:38:03","slug":"22-decembre-2014-reunion-entre-les-chevaliers-et-les-benevoles-a-orta-di-atella","status":"publish","type":"post","link":"https:\/\/svil.constantinianorder.com\/fr\/22-decembre-2014-reunion-entre-les-chevaliers-et-les-benevoles-a-orta-di-atella\/","title":{"rendered":"21 d\u00e9cembre 2014,  r\u00e9union entre les chevaliers et les b\u00e9n\u00e9voles \u00e0  Orta di Atella"},"content":{"rendered":"<p><strong><a href=\"http:\/\/www.constantinianorder.net\/wp-content\/uploads\/2015\/01\/DSC_9119.jpg\"><img loading=\"lazy\" decoding=\"async\" class=\"alignleft wp-image-17560\" src=\"http:\/\/www.constantinianorder.net\/wp-content\/uploads\/2015\/01\/DSC_9119-500x332.jpg\" alt=\"DSC_9119\" width=\"248\" height=\"165\" \/><\/a><\/strong><\/p>\n<p><strong><em>Orta di Atella \u2013 le 21 D\u00e9cembre 2014.\u00a0 <\/em><\/strong>A 17h30 a eu lieu &#8211; sur la place devant le Sanctuaire dioc\u00e9sain de San Salvatore de Horta, \u00e0 Orta di Atella &#8211; une rencontre entre des Chevaliers constantiniens et des b\u00e9n\u00e9voles.<\/p>\n<p>La\u00a0 Solennelle C\u00e9l\u00e9bration Eucharistique\u00a0 a \u00e9t\u00e9 pr\u00e9sid\u00e9e par Monseigneur Gaetano Parmi Franzese OFM<\/p>\n<p>On a \u00e9galement organis\u00e9 une formation pour les Chevaliers et les b\u00e9n\u00e9voles sur le th\u00e8me \u00abPauvret\u00e9 et de solidarit\u00e9\u00a0\u00bb, suivie \u00e0 20h\u00a0 d\u2019un d\u00eener de solidarit\u00e9 pour les fr\u00e8res moins fortun\u00e9s de Orta di Atella. La soir\u00e9e s\u2019est termin\u00e9e par une tombola.<\/p>\n<p>Le d\u00eener a \u00e9t\u00e9 offert par l\u2019avocat Pasquale Ragozzino, au nom de l&rsquo;Ordre Sacr\u00e9 et Militaire Constantinien de Saint-Georges. Il\u00a0 a r\u00e9uni une cinquantaine de personnes indigentes; vingt-cinq volontaires du Corps de Secours de l&rsquo;Ordre Sacr\u00e9 et Militaire Constantinien de Saint-Georges qui fait partie de\u00a0 la protection civile de la ville de Atella et de l&rsquo;Ordre Franciscain S\u00e9culier; P\u00e8re Sup\u00e9rieur du Couvent des Fr\u00e8res Mineurs, le tr\u00e8s R\u00e9v\u00e9rend Ferdinando Cimmaruta O.F.M.; le r\u00e9v\u00e9rend Gaetano Franzese O.F.M.<\/p>\n<p>Il y avait aussi le Chevalier de M\u00e9rite\u00a0 Damiano Onorato et son \u00e9pouse, le Chevalier de M\u00e9rite Antonello Amaddeo, le Chevalier de M\u00e9rite Luigi De Angelis, le Chevalier\u00a0 Maurizio Barbato, l\u2019avocat Pasquale Grasso et bien d&rsquo;autres.<\/p>\n<p><strong>\u00a0<\/strong><\/p>\n<p><!--more--><\/p>\n<p><a href=\"http:\/\/www.constantinianorder.net\/wp-content\/uploads\/2015\/01\/DSC_9119.jpg\"><img loading=\"lazy\" decoding=\"async\" class=\"alignnone size-medium wp-image-17560\" src=\"http:\/\/www.constantinianorder.net\/wp-content\/uploads\/2015\/01\/DSC_9119-500x332.jpg\" alt=\"DSC_9119\" width=\"500\" height=\"332\" \/><\/a> <a href=\"http:\/\/www.constantinianorder.net\/wp-content\/uploads\/2015\/01\/DSC_9123.jpg\"><img loading=\"lazy\" decoding=\"async\" class=\"alignnone size-medium wp-image-17561\" src=\"http:\/\/www.constantinianorder.net\/wp-content\/uploads\/2015\/01\/DSC_9123-500x332.jpg\" alt=\"DSC_9123\" width=\"500\" height=\"332\" \/><\/a><\/p>\n","protected":false},"excerpt":{"rendered":"<p>Orta di Atella \u2013 le 21 D\u00e9cembre 2014.\u00a0 A 17h30 a eu lieu &#8211; sur la place devant le Sanctuaire dioc\u00e9sain de San Salvatore de Horta, \u00e0 Orta di Atella &#8211; une rencontre entre des Chevaliers constantiniens et des b\u00e9n\u00e9voles. La\u00a0 Solennelle C\u00e9l\u00e9bration Eucharistique\u00a0 a \u00e9t\u00e9 pr\u00e9sid\u00e9e par Monseigneur Gaetano Parmi Franzese OFM On a [&hellip;]<\/p>\n","protected":false},"author":1,"featured_media":0,"comment_status":"open","ping_status":"open","sticky":false,"template":"","format":"standard","meta":{"footnotes":""},"categories":[182],"tags":[],"class_list":["post-18301","post","type-post","status-publish","format-standard","hentry","category-delegation-de-campanie"],"_links":{"self":[{"href":"https:\/\/svil.constantinianorder.com\/fr\/wp-json\/wp\/v2\/posts\/18301","targetHints":{"allow":["GET"]}}],"collection":[{"href":"https:\/\/svil.constantinianorder.com\/fr\/wp-json\/wp\/v2\/posts"}],"about":[{"href":"https:\/\/svil.constantinianorder.com\/fr\/wp-json\/wp\/v2\/types\/post"}],"author":[{"embeddable":true,"href":"https:\/\/svil.constantinianorder.com\/fr\/wp-json\/wp\/v2\/users\/1"}],"replies":[{"embeddable":true,"href":"https:\/\/svil.constantinianorder.com\/fr\/wp-json\/wp\/v2\/comments?post=18301"}],"version-history":[{"count":1,"href":"https:\/\/svil.constantinianorder.com\/fr\/wp-json\/wp\/v2\/posts\/18301\/revisions"}],"predecessor-version":[{"id":60149,"href":"https:\/\/svil.constantinianorder.com\/fr\/wp-json\/wp\/v2\/posts\/18301\/revisions\/60149"}],"wp:attachment":[{"href":"https:\/\/svil.constantinianorder.com\/fr\/wp-json\/wp\/v2\/media?parent=18301"}],"wp:term":[{"taxonomy":"category","embeddable":true,"href":"https:\/\/svil.constantinianorder.com\/fr\/wp-json\/wp\/v2\/categories?post=18301"},{"taxonomy":"post_tag","embeddable":true,"href":"https:\/\/svil.constantinianorder.com\/fr\/wp-json\/wp\/v2\/tags?post=18301"}],"curies":[{"name":"wp","href":"https:\/\/api.w.org\/{rel}","templated":true}]}}