{"id":18309,"date":"2015-02-17T18:32:37","date_gmt":"2015-02-17T18:32:37","guid":{"rendered":"http:\/\/www.constantinianorder.net\/?p=18309"},"modified":"2026-02-04T11:29:24","modified_gmt":"2026-02-04T11:29:24","slug":"castellumbeto-cloture-de-lannee-constantinienne-et-messe-pour-s-m-francois-ii","status":"publish","type":"post","link":"https:\/\/svil.constantinianorder.com\/fr\/castellumbeto-cloture-de-lannee-constantinienne-et-messe-pour-s-m-francois-ii\/","title":{"rendered":"Castell\u2019Umbeto. Cl\u00f4ture de l\u2019ann\u00e9e constantinienne et messe pour  S.M. Fran\u00e7ois II"},"content":{"rendered":"<p><strong><a href=\"http:\/\/www.constantinianorder.net\/wp-content\/uploads\/2015\/01\/30-12-14-castellumberto-071.jpg\"><img loading=\"lazy\" decoding=\"async\" class=\"alignleft wp-image-17500\" src=\"http:\/\/www.constantinianorder.net\/wp-content\/uploads\/2015\/01\/30-12-14-castellumberto-071-500x345.jpg\" alt=\"30-12-14 castellumberto 071\" width=\"235\" height=\"162\" \/><\/a><\/strong><\/p>\n<p><strong>Castell&rsquo;Umberto &#8211;\u00a0 le 27 D\u00e9cembre 2014. <\/strong>Dans la petite \u00e9glise de S. Giorgio \u00e0 Castanea, petit village de\u00a0 Castell&rsquo;Umberto dans la province de Messine, Papas Luigi Lucini, chapelain\u00a0 constantinien, a termin\u00e9 l\u2019ann\u00e9e constantinienne de la d\u00e9l\u00e9gation sicilienne\u00a0 avec une\u00a0 Liturgie Divine de saint Jean Crisostomo (messe dans le rite byzantin).<\/p>\n<p>Bravant la neige, les Chevaliers se sont reunis\u00a0 dans leur \u00e9glise dans les montagnes\u00a0 Nebrodi pour une c\u00e9l\u00e9bration en m\u00e9moire\u00a0 du Grand Ma\u00eetre de l\u2019Ordre Constantinien et de\u00a0 SM Fran\u00e7ois II, mort le 27 d\u00e9cemre il y a\u00a0 120 ann\u00e9es.<\/p>\n<p>Apr\u00e8s la messe, le d\u00e9l\u00e9gu\u00e9\u00a0 vicaire pour la Sicile, le Noble Antonio Janni, Chevalier de gr\u00e2ce, a rappel\u00e9 les \u00e9v\u00e9nements les plus importants des activit\u00e9s de la d\u00e9l\u00e9gation\u00a0 sicilienne en 2014.<\/p>\n<p>Il s\u2019est particuli\u00e8rement concentr\u00e9 sur les visites de S.A.R. la Princesse B\u00e9atrice de Bourbon des Deux-Siciles, Grand Chancelier, au mois de mai et du Grand Ma\u00eetre S.A.R. le Prince Charles de Bourbon des Deux Siciles, duc de Castro,\u00a0 au mois de\u00a0 novembre.<\/p>\n<p>Il a \u00e9galement mentionn\u00e9 la pr\u00e9sence du Grand Prieur S.E, Rev. Cardinal Renato Raffaele Martino au mois de\u00a0 f\u00e9vrier\u00a0 pour les investitures et\u00a0 au mois de mars pour le dixi\u00e8me anniversaire de la publication du Compendium de la Doctrine sociale de l&rsquo;\u00c9glise catholique \u00e0 Monreale avec l&rsquo;Archev\u00eaque et Prieur de\u00a0 Sicile, S.E. Rev. Mons.eigneur Michele Pennisi.<\/p>\n<p>Il a aussi rappel\u00e9\u00a0 une autre c\u00e9r\u00e9monie: la retraite spirituelle avec l&rsquo;\u00e9Ev\u00eaque de Patti S.E. Rev Monseigneur Ignazio Zambito dans la co-cath\u00e9drale de Patti.<\/p>\n<p>Une mention sp\u00e9ciale a \u00e9t\u00e9 dedi\u00e9e au projet\u00a0 \u201c la faim de nos proches\u201d, avec des dons de lait,\u00a0 p\u00e2tes et d\u2019 autres aliments, des repas pour les n\u00e9cessiteux et au nouveau son projet \u00ab\u00a0Nouvelles miettes de sant\u00e9\u00a0\u00bb qui depuis un an offre s\u2019occupe des enfants entre 0 et 3 ans soit \u00e0\u00a0 Monreale que \u00e0 Piazza Armerina.<\/p>\n<p>Ils \u00e9taient pr\u00e9sents les chevaliers Salvatore Romano, Antonio di Janni, Salvatore Mangione, Giuseppe Sgr\u00f2,\u00a0 Carmelo Sammarco, Giuseppe Matranga, Salvatore Italiano et la dame Santina Ferlito<\/p>\n<p><strong>\u00a0<\/strong><\/p>\n<p><!--more--><\/p>\n<p><a href=\"http:\/\/www.constantinianorder.net\/wp-content\/uploads\/2015\/01\/30-12-14-castellumberto-041.jpg\"><img loading=\"lazy\" decoding=\"async\" class=\"alignnone size-medium wp-image-17498\" src=\"http:\/\/www.constantinianorder.net\/wp-content\/uploads\/2015\/01\/30-12-14-castellumberto-041-500x333.jpg\" alt=\"30-12-14 castellumberto 041\" width=\"500\" height=\"333\" \/><\/a> <a href=\"http:\/\/www.constantinianorder.net\/wp-content\/uploads\/2015\/01\/30-12-14-castellumberto-049.jpg\"><img loading=\"lazy\" decoding=\"async\" class=\"alignnone size-medium wp-image-17499\" src=\"http:\/\/www.constantinianorder.net\/wp-content\/uploads\/2015\/01\/30-12-14-castellumberto-049-333x500.jpg\" alt=\"30-12-14 castellumberto 049\" width=\"333\" height=\"500\" \/><\/a> <a href=\"http:\/\/www.constantinianorder.net\/wp-content\/uploads\/2015\/01\/30-12-14-castellumberto-071.jpg\"><img loading=\"lazy\" decoding=\"async\" class=\"alignnone size-medium wp-image-17500\" src=\"http:\/\/www.constantinianorder.net\/wp-content\/uploads\/2015\/01\/30-12-14-castellumberto-071-500x345.jpg\" alt=\"30-12-14 castellumberto 071\" width=\"500\" height=\"345\" \/><\/a> <a href=\"http:\/\/www.constantinianorder.net\/wp-content\/uploads\/2015\/01\/DPP_0001.jpg\"><img loading=\"lazy\" decoding=\"async\" class=\"alignnone size-medium wp-image-17501\" src=\"http:\/\/www.constantinianorder.net\/wp-content\/uploads\/2015\/01\/DPP_0001-500x333.jpg\" alt=\"DPP_0001\" width=\"500\" height=\"333\" \/><\/a><\/p>\n","protected":false},"excerpt":{"rendered":"<p>Castell&rsquo;Umberto &#8211;\u00a0 le 27 D\u00e9cembre 2014. Dans la petite \u00e9glise de S. Giorgio \u00e0 Castanea, petit village de\u00a0 Castell&rsquo;Umberto dans la province de Messine, Papas Luigi Lucini, chapelain\u00a0 constantinien, a termin\u00e9 l\u2019ann\u00e9e constantinienne de la d\u00e9l\u00e9gation sicilienne\u00a0 avec une\u00a0 Liturgie Divine de saint Jean Crisostomo (messe dans le rite byzantin). Bravant la neige, les Chevaliers [&hellip;]<\/p>\n","protected":false},"author":1,"featured_media":0,"comment_status":"open","ping_status":"open","sticky":false,"template":"","format":"standard","meta":{"footnotes":""},"categories":[167],"tags":[],"class_list":["post-18309","post","type-post","status-publish","format-standard","hentry","category-delegacion-de-la-sicilia"],"_links":{"self":[{"href":"https:\/\/svil.constantinianorder.com\/fr\/wp-json\/wp\/v2\/posts\/18309","targetHints":{"allow":["GET"]}}],"collection":[{"href":"https:\/\/svil.constantinianorder.com\/fr\/wp-json\/wp\/v2\/posts"}],"about":[{"href":"https:\/\/svil.constantinianorder.com\/fr\/wp-json\/wp\/v2\/types\/post"}],"author":[{"embeddable":true,"href":"https:\/\/svil.constantinianorder.com\/fr\/wp-json\/wp\/v2\/users\/1"}],"replies":[{"embeddable":true,"href":"https:\/\/svil.constantinianorder.com\/fr\/wp-json\/wp\/v2\/comments?post=18309"}],"version-history":[{"count":1,"href":"https:\/\/svil.constantinianorder.com\/fr\/wp-json\/wp\/v2\/posts\/18309\/revisions"}],"predecessor-version":[{"id":60143,"href":"https:\/\/svil.constantinianorder.com\/fr\/wp-json\/wp\/v2\/posts\/18309\/revisions\/60143"}],"wp:attachment":[{"href":"https:\/\/svil.constantinianorder.com\/fr\/wp-json\/wp\/v2\/media?parent=18309"}],"wp:term":[{"taxonomy":"category","embeddable":true,"href":"https:\/\/svil.constantinianorder.com\/fr\/wp-json\/wp\/v2\/categories?post=18309"},{"taxonomy":"post_tag","embeddable":true,"href":"https:\/\/svil.constantinianorder.com\/fr\/wp-json\/wp\/v2\/tags?post=18309"}],"curies":[{"name":"wp","href":"https:\/\/api.w.org\/{rel}","templated":true}]}}