{"id":18389,"date":"2015-01-09T17:03:03","date_gmt":"2015-01-09T17:03:03","guid":{"rendered":"http:\/\/www.constantinianorder.net\/?p=18389"},"modified":"2026-01-16T15:56:05","modified_gmt":"2026-01-16T15:56:05","slug":"journee-tres-importante-pour-la-delegation-de-naples-et-de-la-region-campania","status":"publish","type":"post","link":"https:\/\/svil.constantinianorder.com\/fr\/journee-tres-importante-pour-la-delegation-de-naples-et-de-la-region-campania\/","title":{"rendered":"Journ\u00e9e tr\u00e8s importante pour la d\u00e9l\u00e9gation de Naples et de la R\u00e9gion Campania"},"content":{"rendered":"<p><strong><a href=\"http:\/\/www.constantinianorder.net\/wp-content\/uploads\/2015\/01\/scuola-materna-di-Riccia-1.jpg\"><img loading=\"lazy\" decoding=\"async\" class=\"alignleft wp-image-17581\" src=\"http:\/\/www.constantinianorder.net\/wp-content\/uploads\/2015\/01\/scuola-materna-di-Riccia-1-500x375.jpg\" alt=\"scuola materna di Riccia 1\" width=\"226\" height=\"170\" \/><\/a><\/strong><\/p>\n<p><strong>Naples, le 9 Janvier 2015.\u00a0 <\/strong>La journ\u00e9e de vendredi 9 janvier a \u00e9t\u00e9 une journ\u00e9e\u00a0 pleine d\u2019 \u00e9v\u00e9nements\u00a0 pour la D\u00e9l\u00e9gation de Naples et de la Campania.<\/p>\n<p>Dans la matin\u00e9e il a eu lieu \u00e0 l&rsquo;\u00e9cole maternelle \u201cCostanza di\u00a0 Chiaromonte\u201d de Riccia &#8211; g\u00e9r\u00e9e par la coop\u00e9rative \u00ab\u00a0Il Ricco\u00a0\u00bb &#8211; la premi\u00e8re \u00e9dition de la \u00ab\u00a0Journ\u00e9e de solidarit\u00e9\u00a0\u00bb.<\/p>\n<p>Le D\u00e9l\u00e9gu\u00e9 pour\u00a0 Naples et la Campanie de l&rsquo;Ordre\u00a0 Sacr\u00e9 et Militaire Constantinien de Saint-Georges, le Marquis Pierluigi Sanfelice di Bagnoli\u00a0 a particip\u00e9 \u00e0 l\u2019\u00e9v\u00e9nement en confirmant ainsi\u00a0 la proximit\u00e9 de l&rsquo;Ordre aux \u00e9coles priv\u00e9es officialement reconnues mais en difficult\u00e9; il a remerci\u00e9 en particulier le Pr\u00e9sident\u00a0 Dr Antonella Rubertucci.<\/p>\n<p>Cet \u00e9v\u00e9nement a vu une forte mobilisation des Chevaliers de l&rsquo;Ordre du m\u00e9rite pour les petits \u00e2g\u00e9s de 2 \u00e0 6 ans, auxquels\u00a0 ont a\u00a0 donn\u00e9 des\u00a0 jouets, une ludoth\u00e8que, beaucoup de mat\u00e9riel didactique et plus d&rsquo;une centaine de sacs de bonbons, avec le symbole de la Croix\u00a0 de l\u2019Ordre, qui a suscit\u00e9\u00a0 l&rsquo;enthousiasme et la joie des petits.<\/p>\n<p>A l&rsquo;entr\u00e9e de la ludoth\u00e8que on a mis une plaque de pierre avec la Croix constantinienne grav\u00e9e\u00a0 et b\u00e9nie par Don Elio De Podo.<\/p>\n<p>\u00c0 la fin de l&rsquo;initiative le Pr\u00e9sident Antonella Rubertucci a remerci\u00e9 l&rsquo;Ordre pour tout ce qui a \u00e9t\u00e9 offert, en donnant rendez-vous pour une\u00a0 deuxi\u00e8me \u00e9dition de la solidarit\u00e9.<\/p>\n<p>A l&rsquo;\u00e9v\u00e9nement\u00a0 a participle aussi\u00a0 le Maire Micaela Fanelli, les conseillers municipaux et les enseignants de l&rsquo;\u00e9cole.<\/p>\n<p>Le moment le plus dr\u00f4le est du \u00e0 la na\u00efvet\u00e9 touchante des enfants qui, apr\u00e8s avoir entendu parler d&rsquo;une prochaine visite des Chevaliers, ils ont imagin\u00e9 qu&rsquo;ils allaient rencontrer des hommes avec armure et sur des chevaux!<\/p>\n<p>\u00c0 la fin de la journ\u00e9e les\u00a0 enfants ont chant\u00e9 la chanson de bienvenue typique de la ville de Riccia, pendant que le D\u00e9l\u00e9gu\u00e9 signait le livre des invit\u00e9s sur\u00a0 une pr\u00e9cieuse relique du milieu du XIXe si\u00e8cle.<\/p>\n<p>Une visite tr\u00e8s significative et pleine d&rsquo;id\u00e9es, \u00e0 laquelle\u00a0 le Marquis Sanfelice a donn\u00e9 beaucopu d\u2019importance, en promettant l&rsquo;\u00e9volution des relations d&rsquo;amiti\u00e9 et de collaboration.<\/p>\n<p>Dans l\u2019 apr\u00e8s-midi du vendredi 9 Janvier le D\u00e9l\u00e9gu\u00e9 le Marquis Sanfelice di Bagnoli s\u2019 est ensuite rendu \u00e0 Sepino, un village sur la fronti\u00e8re avec la Campania, pour participer -&lsquo;invit\u00e9 par le Maire Filomena Zeoli &#8211;\u00a0 \u00e0 la messe c\u00e9l\u00e9br\u00e9e par l&rsquo;Archev\u00eaque \u00e9m\u00e9rite de Lucera, S.E. Francesco Zarrillo, pour honorer le patron Santa Cristina.<\/p>\n<p>&nbsp;<\/p>\n<p>&nbsp;<\/p>\n<p>La messe a \u00e9t\u00e9 pr\u00e9c\u00e9d\u00e9e, \u00e0 16 heures, par\u00a0 la F\u00eate des Bougies avec la distribution du\u00a0 symbolique \u201cCartoccio\u201d, tandis que \u00e0 16,30 les autorit\u00e9s ont \u00e9t\u00e9 accueillies dans la Salle du Conseil.<\/p>\n<p>La c\u00e9l\u00e9bration en l&rsquo;honneur de Santa Cristina est, chaque ann\u00e9e, une occasion tr\u00e8s importante pour les gens de\u00a0 Sepino.<\/p>\n<p>Pour cette occasion dans la ville ils se rencontrent\u00a0 m\u00eame les Maires des villes voisines de la Vall\u00e9e del Tammaro et, cette ann\u00e9e il y avaient le Maire Filomena Zeoli, le Maire de Cercemaggiore Vincenza Testa, le maire de Cercepiccola Michele Simiele, le Maire de San Giuliano del Sannio Angelo Codagnone,\u00a0 le Maire de Mirabello Luciano di Biase;\u00a0 il y avaient\u00a0 \u00e9galement le Pr\u00e9sident de la Province de Campobasso Rosario de Matteis et le Pr\u00e9sident de la R\u00e9gion\u00a0 Molise Paolo\u00a0 Frattura. La c\u00e9r\u00e9monie a \u00e9t\u00e9 suivie, enfin, par les repr\u00e9sentants de l&rsquo;Ordre de Malte en tant que le\u00a0 professeur Alberto Bochicchio et M. Rocco Sileo, par ceux de l\u2019 Ordre du Saint-S\u00e9pulcre comme Carmine De Camillis; par ceux du\u00a0 CISOM du Matese, par le commandant des carabiniers de Bojano Michele De Chiara, par le\u00a0 Commandant et les employ\u00e9s du poste de police de Sepino, par certains employ\u00e9s de la police foresti\u00e8re, par le\u00a0 Commandant\u00a0 et certains employ\u00e9s de la\u00a0 Police Municipale de Sepino.<\/p>\n<p>Apr\u00e8s la c\u00e9l\u00e9bration eucharistique il a eu lieu, \u00e0 la mairie, une f\u00eate \u00e0 laquelle ont particip\u00e9 tous les invit\u00e9s pr\u00e9sents \u00e0 la c\u00e9r\u00e9monie, et le Maire a offert au D\u00e9l\u00e9gu\u00e9 le Marquis Sanfelice\u00a0 une copie d&rsquo;un fer de lance Sannitica r\u00e9montant au quatri\u00e8me si\u00e8cle avant JC comme souvenir de la rencontre.<\/p>\n<p><strong>\u00a0<\/strong><\/p>\n<p><!--more--><\/p>\n<p><a href=\"http:\/\/www.constantinianorder.net\/wp-content\/uploads\/2015\/01\/scuola-materna-di-Riccia-1.jpg\"><img loading=\"lazy\" decoding=\"async\" class=\"alignnone size-medium wp-image-17581\" src=\"http:\/\/www.constantinianorder.net\/wp-content\/uploads\/2015\/01\/scuola-materna-di-Riccia-1-500x375.jpg\" alt=\"scuola materna di Riccia 1\" width=\"500\" height=\"375\" \/><\/a> <a href=\"http:\/\/www.constantinianorder.net\/wp-content\/uploads\/2015\/01\/scuola-materna-di-Riccia-2.jpg\"><img loading=\"lazy\" decoding=\"async\" class=\"alignnone size-medium wp-image-17582\" src=\"http:\/\/www.constantinianorder.net\/wp-content\/uploads\/2015\/01\/scuola-materna-di-Riccia-2-500x375.jpg\" alt=\"scuola materna di Riccia 2\" width=\"500\" height=\"375\" \/><\/a> <a href=\"http:\/\/www.constantinianorder.net\/wp-content\/uploads\/2015\/01\/scuola-materna-di-Riccia-3.jpg\"><img loading=\"lazy\" decoding=\"async\" class=\"alignnone size-medium wp-image-17583\" src=\"http:\/\/www.constantinianorder.net\/wp-content\/uploads\/2015\/01\/scuola-materna-di-Riccia-3-375x500.jpg\" alt=\"scuola materna di Riccia 3\" width=\"375\" height=\"500\" \/><\/a> <a href=\"http:\/\/www.constantinianorder.net\/wp-content\/uploads\/2015\/01\/scuola-materna-di-Riccia-4.jpg\"><img loading=\"lazy\" decoding=\"async\" class=\"alignnone size-medium wp-image-17584\" src=\"http:\/\/www.constantinianorder.net\/wp-content\/uploads\/2015\/01\/scuola-materna-di-Riccia-4-375x500.jpg\" alt=\"scuola materna di Riccia 4\" width=\"375\" height=\"500\" \/><\/a> <a href=\"http:\/\/www.constantinianorder.net\/wp-content\/uploads\/2015\/01\/scuola-materna-di-Riccia-5.jpg\"><img loading=\"lazy\" decoding=\"async\" class=\"alignnone size-medium wp-image-17585\" src=\"http:\/\/www.constantinianorder.net\/wp-content\/uploads\/2015\/01\/scuola-materna-di-Riccia-5-500x375.jpg\" alt=\"scuola materna di Riccia 5\" width=\"500\" height=\"375\" \/><\/a> <a href=\"http:\/\/www.constantinianorder.net\/wp-content\/uploads\/2015\/01\/Sepino-1.jpg\"><img loading=\"lazy\" decoding=\"async\" class=\"alignnone size-medium wp-image-17586\" src=\"http:\/\/www.constantinianorder.net\/wp-content\/uploads\/2015\/01\/Sepino-1-500x340.jpg\" alt=\"Sepino 1\" width=\"500\" height=\"340\" \/><\/a> <a href=\"http:\/\/www.constantinianorder.net\/wp-content\/uploads\/2015\/01\/Sepino-2.jpg\"><img loading=\"lazy\" decoding=\"async\" class=\"alignnone size-medium wp-image-17587\" src=\"http:\/\/www.constantinianorder.net\/wp-content\/uploads\/2015\/01\/Sepino-2-500x340.jpg\" alt=\"Sepino 2\" width=\"500\" height=\"340\" \/><\/a> <a href=\"http:\/\/www.constantinianorder.net\/wp-content\/uploads\/2015\/01\/Sepino-3.jpg\"><img loading=\"lazy\" decoding=\"async\" class=\"alignnone size-medium wp-image-17588\" src=\"http:\/\/www.constantinianorder.net\/wp-content\/uploads\/2015\/01\/Sepino-3-500x340.jpg\" alt=\"Sepino 3\" width=\"500\" height=\"340\" \/><\/a> <a href=\"http:\/\/www.constantinianorder.net\/wp-content\/uploads\/2015\/01\/sepino-4.jpg\"><img loading=\"lazy\" decoding=\"async\" class=\"alignnone size-medium wp-image-17589\" src=\"http:\/\/www.constantinianorder.net\/wp-content\/uploads\/2015\/01\/sepino-4-500x333.jpg\" alt=\"sepino 4\" width=\"500\" height=\"333\" \/><\/a> <a href=\"http:\/\/www.constantinianorder.net\/wp-content\/uploads\/2015\/01\/Sepino-5.jpg\"><img loading=\"lazy\" decoding=\"async\" class=\"alignnone size-medium wp-image-17590\" src=\"http:\/\/www.constantinianorder.net\/wp-content\/uploads\/2015\/01\/Sepino-5-500x340.jpg\" alt=\"Sepino 5\" width=\"500\" height=\"340\" \/><\/a> <a href=\"http:\/\/www.constantinianorder.net\/wp-content\/uploads\/2015\/01\/Sepino-6.jpg\"><img loading=\"lazy\" decoding=\"async\" class=\"alignnone size-medium wp-image-17591\" src=\"http:\/\/www.constantinianorder.net\/wp-content\/uploads\/2015\/01\/Sepino-6-500x333.jpg\" alt=\"Sepino 6\" width=\"500\" height=\"333\" \/><\/a> <a href=\"http:\/\/www.constantinianorder.net\/wp-content\/uploads\/2015\/01\/Sepino-7.jpg\"><img loading=\"lazy\" decoding=\"async\" class=\"alignnone size-medium wp-image-17592\" src=\"http:\/\/www.constantinianorder.net\/wp-content\/uploads\/2015\/01\/Sepino-7-500x333.jpg\" alt=\"Sepino 7\" width=\"500\" height=\"333\" \/><\/a><\/p>\n","protected":false},"excerpt":{"rendered":"<p>Naples, le 9 Janvier 2015.\u00a0 La journ\u00e9e de vendredi 9 janvier a \u00e9t\u00e9 une journ\u00e9e\u00a0 pleine d\u2019 \u00e9v\u00e9nements\u00a0 pour la D\u00e9l\u00e9gation de Naples et de la Campania. Dans la matin\u00e9e il a eu lieu \u00e0 l&rsquo;\u00e9cole maternelle \u201cCostanza di\u00a0 Chiaromonte\u201d de Riccia &#8211; g\u00e9r\u00e9e par la coop\u00e9rative \u00ab\u00a0Il Ricco\u00a0\u00bb &#8211; la premi\u00e8re \u00e9dition de la [&hellip;]<\/p>\n","protected":false},"author":1,"featured_media":0,"comment_status":"open","ping_status":"open","sticky":false,"template":"","format":"standard","meta":{"footnotes":""},"categories":[182],"tags":[],"class_list":["post-18389","post","type-post","status-publish","format-standard","hentry","category-delegation-de-campanie"],"_links":{"self":[{"href":"https:\/\/svil.constantinianorder.com\/fr\/wp-json\/wp\/v2\/posts\/18389","targetHints":{"allow":["GET"]}}],"collection":[{"href":"https:\/\/svil.constantinianorder.com\/fr\/wp-json\/wp\/v2\/posts"}],"about":[{"href":"https:\/\/svil.constantinianorder.com\/fr\/wp-json\/wp\/v2\/types\/post"}],"author":[{"embeddable":true,"href":"https:\/\/svil.constantinianorder.com\/fr\/wp-json\/wp\/v2\/users\/1"}],"replies":[{"embeddable":true,"href":"https:\/\/svil.constantinianorder.com\/fr\/wp-json\/wp\/v2\/comments?post=18389"}],"version-history":[{"count":1,"href":"https:\/\/svil.constantinianorder.com\/fr\/wp-json\/wp\/v2\/posts\/18389\/revisions"}],"predecessor-version":[{"id":60002,"href":"https:\/\/svil.constantinianorder.com\/fr\/wp-json\/wp\/v2\/posts\/18389\/revisions\/60002"}],"wp:attachment":[{"href":"https:\/\/svil.constantinianorder.com\/fr\/wp-json\/wp\/v2\/media?parent=18389"}],"wp:term":[{"taxonomy":"category","embeddable":true,"href":"https:\/\/svil.constantinianorder.com\/fr\/wp-json\/wp\/v2\/categories?post=18389"},{"taxonomy":"post_tag","embeddable":true,"href":"https:\/\/svil.constantinianorder.com\/fr\/wp-json\/wp\/v2\/tags?post=18389"}],"curies":[{"name":"wp","href":"https:\/\/api.w.org\/{rel}","templated":true}]}}