{"id":18467,"date":"2015-01-31T13:36:05","date_gmt":"2015-01-31T13:36:05","guid":{"rendered":"http:\/\/www.constantinianorder.net\/?p=18467"},"modified":"2026-01-16T15:56:33","modified_gmt":"2026-01-16T15:56:33","slug":"fete-liturgique-de-la-bienheureuse-maria-cristina-reine-des-deux-siciles","status":"publish","type":"post","link":"https:\/\/svil.constantinianorder.com\/fr\/fete-liturgique-de-la-bienheureuse-maria-cristina-reine-des-deux-siciles\/","title":{"rendered":"F\u00eate liturgique de la Bienheureuse Maria Cristina, Reine des Deux-Siciles"},"content":{"rendered":"<p><strong><img loading=\"lazy\" decoding=\"async\" class=\"alignleft wp-image-17675 \" src=\"http:\/\/www.constantinianorder.net\/wp-content\/uploads\/2015\/01\/31gen2015-invito-beata-maria-cristina-regina-delle-due-sicilie-500x364.jpg\" alt=\"31gen2015 invito beata maria cristina regina delle due sicilie\" width=\"228\" height=\"166\" \/><\/strong><\/p>\n<p><strong>Marsala,\u00a0 Samedi 31 Janvier 2015.\u00a0 <\/strong>A la paroisse de San Francesco di Paola, dans la contrada Santo Padre des Perriere de Marsala dans la province de Trapani,\u00a0 on a c\u00e9l\u00e9br\u00e9\u00a0 une \u00a0Messe \u00e0 l&rsquo;occasion de l&rsquo;anniversaire de la f\u00eate liturgique de la Bienheureuse Maria Cristina,\u00a0 Reine du\u00a0 Royaume des Deux-Siciles, \u00e9pouse de Ferdinand II de Bourbon.<\/p>\n<p>La b\u00e9atification de la \u00ab\u00a0Reginella Santa\u201d a eu lieu \u00e0 Naples le 25 Janvier 2014 dans\u00a0 la Basilique de Santa Chiara, panth\u00e9on de la famille de Bourbon des Deux-Siciles. Les Chevaliers de l&rsquo;Ordre Sacr\u00e9 et Militaire Constantinien de Saint-Georges\u00a0 repr\u00e9sent\u00e9s par le Comm. Elio Zuccarello, par le Chevalier Giuseppe Lipari et le Chevalier Baldassare Cacioppo, ont \u00e9t\u00e9 accueillis avec joie par le cur\u00e9 Don Gaspare Tortorici, Chevalier de Gr\u00e2ce Eccl\u00e9siastique, et par\u00a0 les nombreux fid\u00e8les pr\u00e9sents, qui ont montr\u00e9 leur appreciation avec des chaleureux applaudissements, \u00e0 la fin de la c\u00e9l\u00e9bration eucharistique, pour les qualit\u00e9s humaines de la Bienheureuse Maria Cristina, vertus souvent lou\u00e9es\u00a0 par les paroles du chapelain constantinien.<\/p>\n<p>La messe a \u00e9t\u00e9 pr\u00e9c\u00e9d\u00e9e par un\u00a0 prologue du Chevalier Cacioppo, qui a racont\u00e9, en bref,\u00a0 la vie et le processus de b\u00e9atification de la Reginella Santa. Des paroles de profonde moralit\u00e9 ont couronn\u00e9 l&rsquo;hom\u00e9lie de l&rsquo;officiant\u00a0 qui, en proclamant les \u00e9tapes des Saintes \u00c9critures, a mis en \u00e9vidence l&rsquo;appel de chacun \u00e0 une vocation commune \u00e0 la Saintet\u00e9; comme la bienheureuse Maria Cristina, nomm\u00e9e m\u00e8re pour\u00a0 son amour\u00a0 envers\u00a0 la famille et Reine pour l&rsquo;amour envers son peuple et les pauvres et,\u00a0 comme les Chevaliers de l&rsquo;Ordre Constantinien, appel\u00e9s au choix chr\u00e9tien de la Croix pour\u00a0 t\u00e9moigner la foi et la solidarit\u00e9.<\/p>\n<p>Apr\u00e8s la Communion, les fr\u00e8res de l&rsquo;Ordre, face \u00e0 l&rsquo;image de San Francesco di Paola, Patron du Royaume des Deux-Siciles, ont r\u00e9cit\u00e9 la pri\u00e8re d\u00e9di\u00e9e \u00e0 la Bienheureuse Maria Cristina.<\/p>\n<p>\u00c0 la fin de la messe, les Chevaliers ont\u00a0 re\u00e7u, par Don Gaspare, un volume contenant des \u00e9crits du grand penseur religieux Blaise Pascal, comme soutien\u00a0 pour leur croissance spirituelle.<\/p>\n<p>Avant\u00a0 l\u2019agap\u00e9 fraternelle les Chevaliers Constantiniens ont\u00a0 soutenu avec des offres<\/p>\n<p>l&rsquo;initiative de la paroisse\u00a0 en faveur de la \u201cJourn\u00e9e nationale pour la vie 2015\u201d, un \u00e9v\u00e9nement de sensibilisation sur l&rsquo;importance de la famille,\u00a0 sur la valeur de la bienvenue et de la vie.<\/p>\n<p>&nbsp;<\/p>\n<p><!--more--><\/p>\n<p>&nbsp;<\/p>\n","protected":false},"excerpt":{"rendered":"<p>Marsala,\u00a0 Samedi 31 Janvier 2015.\u00a0 A la paroisse de San Francesco di Paola, dans la contrada Santo Padre des Perriere de Marsala dans la province de Trapani,\u00a0 on a c\u00e9l\u00e9br\u00e9\u00a0 une \u00a0Messe \u00e0 l&rsquo;occasion de l&rsquo;anniversaire de la f\u00eate liturgique de la Bienheureuse Maria Cristina,\u00a0 Reine du\u00a0 Royaume des Deux-Siciles, \u00e9pouse de Ferdinand II de [&hellip;]<\/p>\n","protected":false},"author":1,"featured_media":0,"comment_status":"open","ping_status":"open","sticky":false,"template":"","format":"standard","meta":{"footnotes":""},"categories":[166],"tags":[],"class_list":["post-18467","post","type-post","status-publish","format-standard","hentry","category-delegation-de-la-sicile"],"_links":{"self":[{"href":"https:\/\/svil.constantinianorder.com\/fr\/wp-json\/wp\/v2\/posts\/18467","targetHints":{"allow":["GET"]}}],"collection":[{"href":"https:\/\/svil.constantinianorder.com\/fr\/wp-json\/wp\/v2\/posts"}],"about":[{"href":"https:\/\/svil.constantinianorder.com\/fr\/wp-json\/wp\/v2\/types\/post"}],"author":[{"embeddable":true,"href":"https:\/\/svil.constantinianorder.com\/fr\/wp-json\/wp\/v2\/users\/1"}],"replies":[{"embeddable":true,"href":"https:\/\/svil.constantinianorder.com\/fr\/wp-json\/wp\/v2\/comments?post=18467"}],"version-history":[{"count":1,"href":"https:\/\/svil.constantinianorder.com\/fr\/wp-json\/wp\/v2\/posts\/18467\/revisions"}],"predecessor-version":[{"id":60077,"href":"https:\/\/svil.constantinianorder.com\/fr\/wp-json\/wp\/v2\/posts\/18467\/revisions\/60077"}],"wp:attachment":[{"href":"https:\/\/svil.constantinianorder.com\/fr\/wp-json\/wp\/v2\/media?parent=18467"}],"wp:term":[{"taxonomy":"category","embeddable":true,"href":"https:\/\/svil.constantinianorder.com\/fr\/wp-json\/wp\/v2\/categories?post=18467"},{"taxonomy":"post_tag","embeddable":true,"href":"https:\/\/svil.constantinianorder.com\/fr\/wp-json\/wp\/v2\/tags?post=18467"}],"curies":[{"name":"wp","href":"https:\/\/api.w.org\/{rel}","templated":true}]}}