{"id":18471,"date":"2015-02-05T15:34:36","date_gmt":"2015-02-05T15:34:36","guid":{"rendered":"http:\/\/www.constantinianorder.net\/?p=18471"},"modified":"2026-01-16T15:56:35","modified_gmt":"2026-01-16T15:56:35","slug":"xxiv-convention-nationale-traditionaliste-de-la-tres-fidele-ville-de-gaeta","status":"publish","type":"post","link":"https:\/\/svil.constantinianorder.com\/fr\/xxiv-convention-nationale-traditionaliste-de-la-tres-fidele-ville-de-gaeta\/","title":{"rendered":"XXIV CONVENTION NATIONALE TRADITIONALISTE  DE LA TRES FIDELE VILLE DE GAETA"},"content":{"rendered":"<p><strong><a href=\"http:\/\/www.constantinianorder.net\/wp-content\/uploads\/2015\/01\/historical-centre-gaeta.jpg\"><img loading=\"lazy\" decoding=\"async\" class=\"alignleft wp-image-17710 \" src=\"http:\/\/www.constantinianorder.net\/wp-content\/uploads\/2015\/01\/historical-centre-gaeta-500x340.jpg\" alt=\"historical-centre-gaeta\" width=\"217\" height=\"148\" \/><\/a><\/strong><\/p>\n<p><strong>Gaeta, le 5 F\u00e9vrier 2015. <\/strong>Comme d\u2019habitude, m\u00eame cette ann\u00e9e, du 5 au 15 F\u00e9vrier il aura lieu la convention\u00a0\u00a0 traditionaliste de la tr\u00e8s Fid\u00e8le ville de Gaeta intitul\u00e9 \u201cLes Bourbons et la mer\u00a0\u00bb. La c\u00e9r\u00e9monie est n\u00e9 par volont\u00e9 de notre Ordre, \u00e0 ce moment l\u00e0 repr\u00e9sent\u00e9 par S.E. le Marquis Achille Di Lorenzo, et aujourd&rsquo;hui nous avons atteint la 24e \u00e9dition.<\/p>\n<p>La convention comprendra plusieurs initiatives culturelles, des conf\u00e9rences et des c\u00e9r\u00e9monies liturgiques.<\/p>\n<p>Vous trouvez\u00a0 le programme ci-joint.<\/p>\n<p><strong>\u00a0<\/strong><\/p>\n<p><!--more--><\/p>\n<p><a href=\"http:\/\/www.constantinianorder.net\/wp-content\/uploads\/2015\/01\/LOCANDINA-Gaeta-2015-definitiva-bis.pdf\" target=\"_blank\">LOCANDINA Gaeta 2015 &#8211; definitiva bis<\/a><\/p>\n<p>&nbsp;<\/p>\n<p>&nbsp;<\/p>\n<p>&nbsp;<\/p>\n","protected":false},"excerpt":{"rendered":"<p>Gaeta, le 5 F\u00e9vrier 2015. Comme d\u2019habitude, m\u00eame cette ann\u00e9e, du 5 au 15 F\u00e9vrier il aura lieu la convention\u00a0\u00a0 traditionaliste de la tr\u00e8s Fid\u00e8le ville de Gaeta intitul\u00e9 \u201cLes Bourbons et la mer\u00a0\u00bb. La c\u00e9r\u00e9monie est n\u00e9 par volont\u00e9 de notre Ordre, \u00e0 ce moment l\u00e0 repr\u00e9sent\u00e9 par S.E. le Marquis Achille Di Lorenzo, [&hellip;]<\/p>\n","protected":false},"author":1,"featured_media":0,"comment_status":"open","ping_status":"open","sticky":false,"template":"","format":"standard","meta":{"footnotes":""},"categories":[191],"tags":[],"class_list":["post-18471","post","type-post","status-publish","format-standard","hentry","category-delegation-de-rome-et-du-latium"],"_links":{"self":[{"href":"https:\/\/svil.constantinianorder.com\/fr\/wp-json\/wp\/v2\/posts\/18471","targetHints":{"allow":["GET"]}}],"collection":[{"href":"https:\/\/svil.constantinianorder.com\/fr\/wp-json\/wp\/v2\/posts"}],"about":[{"href":"https:\/\/svil.constantinianorder.com\/fr\/wp-json\/wp\/v2\/types\/post"}],"author":[{"embeddable":true,"href":"https:\/\/svil.constantinianorder.com\/fr\/wp-json\/wp\/v2\/users\/1"}],"replies":[{"embeddable":true,"href":"https:\/\/svil.constantinianorder.com\/fr\/wp-json\/wp\/v2\/comments?post=18471"}],"version-history":[{"count":1,"href":"https:\/\/svil.constantinianorder.com\/fr\/wp-json\/wp\/v2\/posts\/18471\/revisions"}],"predecessor-version":[{"id":60081,"href":"https:\/\/svil.constantinianorder.com\/fr\/wp-json\/wp\/v2\/posts\/18471\/revisions\/60081"}],"wp:attachment":[{"href":"https:\/\/svil.constantinianorder.com\/fr\/wp-json\/wp\/v2\/media?parent=18471"}],"wp:term":[{"taxonomy":"category","embeddable":true,"href":"https:\/\/svil.constantinianorder.com\/fr\/wp-json\/wp\/v2\/categories?post=18471"},{"taxonomy":"post_tag","embeddable":true,"href":"https:\/\/svil.constantinianorder.com\/fr\/wp-json\/wp\/v2\/tags?post=18471"}],"curies":[{"name":"wp","href":"https:\/\/api.w.org\/{rel}","templated":true}]}}