{"id":18519,"date":"2015-02-02T11:14:59","date_gmt":"2015-02-02T11:14:59","guid":{"rendered":"http:\/\/www.constantinianorder.net\/?p=18519"},"modified":"2026-01-16T15:56:40","modified_gmt":"2026-01-16T15:56:40","slug":"piazza-armerina-projet-nouvelles-miettes-de-sante","status":"publish","type":"post","link":"https:\/\/svil.constantinianorder.com\/fr\/piazza-armerina-projet-nouvelles-miettes-de-sante\/","title":{"rendered":"Piazza Armerina: projet \u00ab\u00a0Nouvelles miettes de sant\u00e9\u00a0\u00bb"},"content":{"rendered":"<p><strong><em><img loading=\"lazy\" decoding=\"async\" class=\"alignleft wp-image-17779\" src=\"http:\/\/www.constantinianorder.net\/wp-content\/uploads\/2015\/02\/DSC00187-500x375.jpg\" alt=\"DSC00187\" width=\"231\" height=\"173\" \/>Piazza Armerina &#8211; lundi F\u00e9vrier 2 &#8211; <\/em><\/strong>\u00e0 l&rsquo;\u00e9glise de Santo Stefano, il a eu lieu la distribution mensuelle des produits pour la petite enfance pour le projet \u00ab\u00a0Nouvelles miettes de sant\u00e9.\u00a0\u00bb Les familles, une trentaine, s\u00e9lectionn\u00e9es par le cur\u00e9 Don Nino Rivoli, aum\u00f4nier constantinien, ont re\u00e7u des couches, des aliments pour b\u00e9b\u00e9s, des biscuits et du lait pour leurs enfants entre 0-3 ans. Les produits, re\u00e7us gr\u00e2ce \u00e0 la g\u00e9n\u00e9rosit\u00e9 de b\u00e9n\u00e9voles, des chevaliers et des dames constantiniens ont \u00e9t\u00e9 d\u00e9livr\u00e9 par le coordonnateur d&rsquo;Enna, le Chevalier Matteo Bertino, par le cur\u00e9 de la paroisse et par les vob\u00e9n\u00e9voles de la paroisse qui collaborent activement avec l&rsquo;Ordre Constantinien.<\/p>\n<p>&nbsp;<\/p>\n<p><!--more-->\u00a0<a href=\"http:\/\/www.constantinianorder.net\/wp-content\/uploads\/2015\/02\/DSC00193.jpg\"><img loading=\"lazy\" decoding=\"async\" class=\"alignnone size-medium wp-image-17780\" src=\"http:\/\/www.constantinianorder.net\/wp-content\/uploads\/2015\/02\/DSC00193-500x375.jpg\" alt=\"DSC00193\" width=\"500\" height=\"375\" \/><\/a><\/p>\n<p><strong><img loading=\"lazy\" decoding=\"async\" class=\"alignleft wp-image-17779 \" src=\"http:\/\/www.constantinianorder.net\/wp-content\/uploads\/2015\/02\/DSC00187-500x375.jpg\" alt=\"DSC00187\" width=\"504\" height=\"377\" \/><\/strong><\/p>\n","protected":false},"excerpt":{"rendered":"<p>Piazza Armerina &#8211; lundi F\u00e9vrier 2 &#8211; \u00e0 l&rsquo;\u00e9glise de Santo Stefano, il a eu lieu la distribution mensuelle des produits pour la petite enfance pour le projet \u00ab\u00a0Nouvelles miettes de sant\u00e9.\u00a0\u00bb Les familles, une trentaine, s\u00e9lectionn\u00e9es par le cur\u00e9 Don Nino Rivoli, aum\u00f4nier constantinien, ont re\u00e7u des couches, des aliments pour b\u00e9b\u00e9s, des biscuits [&hellip;]<\/p>\n","protected":false},"author":1,"featured_media":0,"comment_status":"closed","ping_status":"open","sticky":false,"template":"","format":"standard","meta":{"footnotes":""},"categories":[166],"tags":[],"class_list":["post-18519","post","type-post","status-publish","format-standard","hentry","category-delegation-de-la-sicile"],"_links":{"self":[{"href":"https:\/\/svil.constantinianorder.com\/fr\/wp-json\/wp\/v2\/posts\/18519","targetHints":{"allow":["GET"]}}],"collection":[{"href":"https:\/\/svil.constantinianorder.com\/fr\/wp-json\/wp\/v2\/posts"}],"about":[{"href":"https:\/\/svil.constantinianorder.com\/fr\/wp-json\/wp\/v2\/types\/post"}],"author":[{"embeddable":true,"href":"https:\/\/svil.constantinianorder.com\/fr\/wp-json\/wp\/v2\/users\/1"}],"replies":[{"embeddable":true,"href":"https:\/\/svil.constantinianorder.com\/fr\/wp-json\/wp\/v2\/comments?post=18519"}],"version-history":[{"count":1,"href":"https:\/\/svil.constantinianorder.com\/fr\/wp-json\/wp\/v2\/posts\/18519\/revisions"}],"predecessor-version":[{"id":60097,"href":"https:\/\/svil.constantinianorder.com\/fr\/wp-json\/wp\/v2\/posts\/18519\/revisions\/60097"}],"wp:attachment":[{"href":"https:\/\/svil.constantinianorder.com\/fr\/wp-json\/wp\/v2\/media?parent=18519"}],"wp:term":[{"taxonomy":"category","embeddable":true,"href":"https:\/\/svil.constantinianorder.com\/fr\/wp-json\/wp\/v2\/categories?post=18519"},{"taxonomy":"post_tag","embeddable":true,"href":"https:\/\/svil.constantinianorder.com\/fr\/wp-json\/wp\/v2\/tags?post=18519"}],"curies":[{"name":"wp","href":"https:\/\/api.w.org\/{rel}","templated":true}]}}