{"id":18685,"date":"2015-03-08T19:25:42","date_gmt":"2015-03-08T19:25:42","guid":{"rendered":"http:\/\/www.constantinianorder.net\/?p=18685"},"modified":"2026-01-16T15:57:22","modified_gmt":"2026-01-16T15:57:22","slug":"grand-succes-de-la-reunion-intitulee-histoires-des-femmes-qui-font-la-difference","status":"publish","type":"post","link":"https:\/\/svil.constantinianorder.com\/fr\/grand-succes-de-la-reunion-intitulee-histoires-des-femmes-qui-font-la-difference\/","title":{"rendered":"GRAND SUCCES DE LA REUNION INTITULEE: \u201dHISTOIRES DES FEMMES  QUI FONT LA DIFF\u00c9RENCE\u201d"},"content":{"rendered":"<p><strong><em><a href=\"http:\/\/www.constantinianorder.net\/wp-content\/uploads\/2015\/02\/incontro.jpg\"><img loading=\"lazy\" decoding=\"async\" class=\"alignleft wp-image-18238\" src=\"http:\/\/www.constantinianorder.net\/wp-content\/uploads\/2015\/02\/incontro-500x341.jpg\" alt=\"incontro\" width=\"191\" height=\"130\" \/><\/a><\/em><\/strong><\/p>\n<p><strong>Monreale: 8 Mars 2015- <\/strong>A l&rsquo;occasion de la journ\u00e9e internationale d\u00e9di\u00e9e \u00e0 toutes les femmes, \u00e0 l&rsquo;\u00e9glise de Santa Maria degli Agonizzanti, confi\u00e9e \u00e0 la d\u00e9l\u00e9gation constantinienne de Sicile, il a eu lieu une r\u00e9union-d\u00e9bat sur le th\u00e8me: \u00ab\u00a0Histoires desfemmes qui font\u00a0 la diff\u00e9rence \u00ab\u00a0.<\/p>\n<p>L&rsquo;initiative organis\u00e9e, par l\u2019Association Mons Realis, avec le parrainage de la ville de Monreale et l&rsquo;Ordre Sacr\u00e9 et Militaire Constantinien de Saint-Georges, a vu la participation de professionnels du monde de la politique, des affaires et de la culture qui ont apport\u00e9 leur t\u00e9moignage en offrant des\u00a0 aper\u00e7us vertueux\u00a0 \u00e0 tous ceux qui sont \u00e0 la recherche de leur propre itineraire soit\u00a0 \u00e0 niveau culturel soit en ce qui concerne le travail.<\/p>\n<p>Les travaux ont \u00e9t\u00e9 ouverts par le Conseiller pour l&rsquo;\u00e9ducation publique de la ville de Monreale, Nadia Olga Gran\u00e0, qui a imm\u00e9diatement\u00a0 concentr\u00e9 l\u2019attention sur le r\u00f4le des femmes dans le monde\u00a0 politique et sur les \u2013 malheureusement \u2013 r\u00e9cents conqu\u00eates\u00a0 des femmes italiennes qui ont d\u00fb attendre jusqu&rsquo;\u00e0 1946 pour obtenir le droit de vote ou pire encore jusqu\u2019\u00e0 1981 pour obtenir l\u2019annullation du crime d&rsquo;honneur.<\/p>\n<p>Le Professeur Maria Antonietta Spadaro, vice-pr\u00e9sident ANISA (Association nationale des professeurs d&rsquo;histoire de l&rsquo;art) a montr\u00e9 que, m\u00eame aujourd&rsquo;hui, il y a encore des discriminations contre les femmes dans le contexte de la langue italienne, qui\u00a0 souvent utilise le masculin pour indiquer les deux sexes, dans la publicit\u00e9 qui utilise les corps des femmes et donnant\u00a0 aux plus jeunes une vision\u00a0 d\u00e9form\u00e9e de la r\u00e9alit\u00e9, souvent domin\u00e9e par les hommes. Elle a soulign\u00e9 en particulier comme dans le monde de l&rsquo;art, au cours des si\u00e8cles, les femmes, tout en \u00e9tant d&rsquo;excellents peintres ou sculpteurs, n\u2019ont jamais \u00e9t\u00e9\u00a0 consider\u00e9es ni mentionn\u00e9es\u00a0 dans les livres d&rsquo;histoire de l&rsquo;art et leurs \u0153uvres sont rest\u00e9es dans l&rsquo;ombre ou ont \u00e9t\u00e9 attribu\u00e9es\u00a0 \u00e0 des\u00a0 \u00ab\u00a0hommes c\u00e9l\u00e8bres\u00a0\u00bb dont le pouvoir leur a permis d&rsquo;usurper la reconnaissance.<\/p>\n<p>Encore aujourd&rsquo;hui seulement le 5% des noms der rues de nos villes\u00a0 sont attribu\u00e9s \u00e0 des femmes y compris les\u00a0 saintes et les noms d&rsquo;origine mythologique.<\/p>\n<p>Rosy De Gregorio, vice dirigeant de police et directeur de la section de la police de la circulation de Palermo, a racont\u00e9 son exp\u00e9rience de femme consciente qui a serieusement travaill\u00e9 pendant de nombreuses ann\u00e9es et a jou\u00e9 un r\u00f4le important dans un monde traditionnellement reserv\u00e9 aux hommes en soulignant qu\u2019il faut que les femmes prennent avec urgence conscience de leur potentiel et qu\u2019elle s\u2019engangent\u00a0 m\u00eame dans des domaines nouveaux tels que la police d&rsquo;\u00c9tat en poursuivant leur propre sens du devoir et leur culture profonde, en s\u2019appuyant sur les exp\u00e9riences de toutes les femmes qui ont combattu pour y arriver.<\/p>\n<p>Le r\u00f4le des femmes dans les \u00e9coles a \u00e9t\u00e9 soulign\u00e9 par le professeur Maria Rosaria Bonanno, qui appartient \u00e0 un monde qui, concernant l&rsquo;\u00e9ducation et le d\u00e9veloppement des jeunes a toujours \u00e9t\u00e9 reserv\u00e9 \u00e0 la cat\u00e9gorie f\u00e9minine.<\/p>\n<p>Le rapport de Madame Bonanno souligne\u00a0 le fait que les filles d&rsquo;aujourd&rsquo;hui sont trop souvent attir\u00e9es par les t\u00e9l\u00e9phones mobiles et les r\u00e9seaux sociaux, en donnant pour acquis la\u00a0 realisation d\u2019objectifs\u00a0 que nos m\u00e8res et nous toutes nous avons obtenus seulement avec beaucoup d&rsquo;efforts.<\/p>\n<p>Elle a aussi soulign\u00e9 que le vrai r\u00f4le de l&rsquo;enseignant est de savoir reconna\u00eetre dans chaque \u00e9tudiant, homme ou femme, la capacit\u00e9 d&rsquo;affirmer son proper\u00a0 r\u00f4le dans une soci\u00e9t\u00e9 o\u00f9 la diff\u00e9rence entre les sexes doit \u00eatre une valeur ajout\u00e9e et non une discrimination.<\/p>\n<p>Parmi les nombreux invit\u00e9s pr\u00e9sents on a pu voir le mar\u00e9chal Gianluca De Venuto, commandant des carabiniers de Monreale, le S\u00e9nateur Bartolo Fazio et S.E. le tr\u00e8s r\u00e9v\u00e9rend\u00a0 Monseigneur Michele Pennisi, archev\u00eaque de Monreale, et Prieur de la r\u00e9gion Sicile de l&rsquo;Ordre Sacr\u00e9 et Militaire Constantinien de Saint-Georges, qui a transmis le message donn\u00e9 par le Pape Fran\u00e7ois dans son Angelus, dans lequel ila a parl\u00e9 de l\u2019importance du\u00a0 r\u00f4le des femmes dans la famille et dans la soci\u00e9t\u00e9 et a racont\u00e9 sa rencontre avec M\u00e8re Teresa de Calcutta, femme de grand courage qui a su\u00a0 nous transmettre un sens profond de foi et de la valeur li\u00e9e \u00e0 la souffrance humaine.<\/p>\n<p>Il a \u00e9galement soulign\u00e9 comment l&rsquo;\u00e9glise de Maria SS degli Agonizzanti est devenue un centre de culte aussi bien que de culture.<\/p>\n<p>L&rsquo;Association Mons Realis a voulu donner au Professeur Maria La Rosa et au Professeur Maria Antonietta Spadaro le titre de membre honoraire pour leur profonde proximit\u00e9 aux buts statutaires de l\u2019Association et pour leur partage\u00a0 des initiatives culturelles mises en \u0153uvre sur le territoire de Monreale au cours de la derni\u00e8re ann\u00e9e d&rsquo;activit\u00e9.<\/p>\n<p>Apr\u00e8s la r\u00e9union un concert pour piano par Isabella Dalia Lo Coco a enchant\u00e9 le public avec la musique de Chopin et Beethoven et c\u2019est \u00e0 elle que M.Antonio Di Janni, D\u00e9l\u00e9gu\u00e9 pour la Sicile de l\u2019 Ordre Constantinien de Saint- George, accompagn\u00e9 par le Chevalier Fabrizio Ippoliti, a offert un certificat de reconnaissance pour son talent et la gr\u00e2ce d\u00e9montr\u00e9 dans son ex\u00e9cution au piano.<\/p>\n<p>&nbsp;<\/p>\n<p><!--more--><\/p>\n<p><a href=\"http:\/\/www.constantinianorder.net\/wp-content\/uploads\/2015\/02\/08-03-15-conferenza-e-concerto-007.jpg\"><img loading=\"lazy\" decoding=\"async\" class=\"alignnone size-medium wp-image-18478\" src=\"http:\/\/www.constantinianorder.net\/wp-content\/uploads\/2015\/02\/08-03-15-conferenza-e-concerto-007-500x333.jpg\" alt=\"08-03-15 conferenza e concerto 007\" width=\"500\" height=\"333\" \/><\/a> <a href=\"http:\/\/www.constantinianorder.net\/wp-content\/uploads\/2015\/02\/08-03-15-conferenza-e-concerto-051.jpg\"><img loading=\"lazy\" decoding=\"async\" class=\"alignnone size-medium wp-image-18479\" src=\"http:\/\/www.constantinianorder.net\/wp-content\/uploads\/2015\/02\/08-03-15-conferenza-e-concerto-051-500x405.jpg\" alt=\"08-03-15 conferenza e concerto 051\" width=\"500\" height=\"405\" \/><\/a> <a href=\"http:\/\/www.constantinianorder.net\/wp-content\/uploads\/2015\/02\/08-03-15-conferenza-e-concerto-061.jpg\"><img loading=\"lazy\" decoding=\"async\" class=\"alignnone size-medium wp-image-18480\" src=\"http:\/\/www.constantinianorder.net\/wp-content\/uploads\/2015\/02\/08-03-15-conferenza-e-concerto-061-500x400.jpg\" alt=\"08-03-15 conferenza e concerto 061\" width=\"500\" height=\"400\" \/><\/a> <a href=\"http:\/\/www.constantinianorder.net\/wp-content\/uploads\/2015\/02\/08-03-15-conferenza-e-concerto-071.jpg\"><img loading=\"lazy\" decoding=\"async\" class=\"alignnone size-medium wp-image-18481\" src=\"http:\/\/www.constantinianorder.net\/wp-content\/uploads\/2015\/02\/08-03-15-conferenza-e-concerto-071-500x333.jpg\" alt=\"08-03-15 conferenza e concerto 071\" width=\"500\" height=\"333\" \/><\/a> <a href=\"http:\/\/www.constantinianorder.net\/wp-content\/uploads\/2015\/02\/08-03-15-conferenza-e-concerto-083.jpg\"><img loading=\"lazy\" decoding=\"async\" class=\"alignnone size-medium wp-image-18482\" src=\"http:\/\/www.constantinianorder.net\/wp-content\/uploads\/2015\/02\/08-03-15-conferenza-e-concerto-083-500x374.jpg\" alt=\"08-03-15 conferenza e concerto 083\" width=\"500\" height=\"374\" \/><\/a> <a href=\"http:\/\/www.constantinianorder.net\/wp-content\/uploads\/2015\/02\/08-03-15-conferenza-e-concerto-101.jpg\"><img loading=\"lazy\" decoding=\"async\" class=\"alignnone size-medium wp-image-18483\" src=\"http:\/\/www.constantinianorder.net\/wp-content\/uploads\/2015\/02\/08-03-15-conferenza-e-concerto-101-348x500.jpg\" alt=\"08-03-15 conferenza e concerto 101\" width=\"348\" height=\"500\" \/><\/a> <a href=\"http:\/\/www.constantinianorder.net\/wp-content\/uploads\/2015\/02\/08-03-15-conferenza-e-concerto-108.jpg\"><img loading=\"lazy\" decoding=\"async\" class=\"alignnone size-medium wp-image-18484\" src=\"http:\/\/www.constantinianorder.net\/wp-content\/uploads\/2015\/02\/08-03-15-conferenza-e-concerto-108-500x325.jpg\" alt=\"08-03-15 conferenza e concerto 108\" width=\"500\" height=\"325\" \/><\/a> <a href=\"http:\/\/www.constantinianorder.net\/wp-content\/uploads\/2015\/02\/08-03-15-conferenza-e-concerto-113.jpg\"><img loading=\"lazy\" decoding=\"async\" class=\"alignnone size-medium wp-image-18485\" src=\"http:\/\/www.constantinianorder.net\/wp-content\/uploads\/2015\/02\/08-03-15-conferenza-e-concerto-113-333x500.jpg\" alt=\"08-03-15 conferenza e concerto 113\" width=\"333\" height=\"500\" \/><\/a> <a href=\"http:\/\/www.constantinianorder.net\/wp-content\/uploads\/2015\/02\/08-03-15-conferenza-e-concerto-127.jpg\"><img loading=\"lazy\" decoding=\"async\" class=\"alignnone size-medium wp-image-18486\" src=\"http:\/\/www.constantinianorder.net\/wp-content\/uploads\/2015\/02\/08-03-15-conferenza-e-concerto-127-456x500.jpg\" alt=\"08-03-15 conferenza e concerto 127\" width=\"456\" height=\"500\" \/><\/a><\/p>\n","protected":false},"excerpt":{"rendered":"<p>Monreale: 8 Mars 2015- A l&rsquo;occasion de la journ\u00e9e internationale d\u00e9di\u00e9e \u00e0 toutes les femmes, \u00e0 l&rsquo;\u00e9glise de Santa Maria degli Agonizzanti, confi\u00e9e \u00e0 la d\u00e9l\u00e9gation constantinienne de Sicile, il a eu lieu une r\u00e9union-d\u00e9bat sur le th\u00e8me: \u00ab\u00a0Histoires desfemmes qui font\u00a0 la diff\u00e9rence \u00ab\u00a0. L&rsquo;initiative organis\u00e9e, par l\u2019Association Mons Realis, avec le parrainage de [&hellip;]<\/p>\n","protected":false},"author":1,"featured_media":0,"comment_status":"closed","ping_status":"open","sticky":false,"template":"","format":"standard","meta":{"footnotes":""},"categories":[166],"tags":[],"class_list":["post-18685","post","type-post","status-publish","format-standard","hentry","category-delegation-de-la-sicile"],"_links":{"self":[{"href":"https:\/\/svil.constantinianorder.com\/fr\/wp-json\/wp\/v2\/posts\/18685","targetHints":{"allow":["GET"]}}],"collection":[{"href":"https:\/\/svil.constantinianorder.com\/fr\/wp-json\/wp\/v2\/posts"}],"about":[{"href":"https:\/\/svil.constantinianorder.com\/fr\/wp-json\/wp\/v2\/types\/post"}],"author":[{"embeddable":true,"href":"https:\/\/svil.constantinianorder.com\/fr\/wp-json\/wp\/v2\/users\/1"}],"replies":[{"embeddable":true,"href":"https:\/\/svil.constantinianorder.com\/fr\/wp-json\/wp\/v2\/comments?post=18685"}],"version-history":[{"count":1,"href":"https:\/\/svil.constantinianorder.com\/fr\/wp-json\/wp\/v2\/posts\/18685\/revisions"}],"predecessor-version":[{"id":60180,"href":"https:\/\/svil.constantinianorder.com\/fr\/wp-json\/wp\/v2\/posts\/18685\/revisions\/60180"}],"wp:attachment":[{"href":"https:\/\/svil.constantinianorder.com\/fr\/wp-json\/wp\/v2\/media?parent=18685"}],"wp:term":[{"taxonomy":"category","embeddable":true,"href":"https:\/\/svil.constantinianorder.com\/fr\/wp-json\/wp\/v2\/categories?post=18685"},{"taxonomy":"post_tag","embeddable":true,"href":"https:\/\/svil.constantinianorder.com\/fr\/wp-json\/wp\/v2\/tags?post=18685"}],"curies":[{"name":"wp","href":"https:\/\/api.w.org\/{rel}","templated":true}]}}