{"id":18954,"date":"2015-04-23T11:46:39","date_gmt":"2015-04-23T11:46:39","guid":{"rendered":"http:\/\/www.constantinianorder.net\/?p=18954"},"modified":"2026-01-16T16:02:09","modified_gmt":"2026-01-16T16:02:09","slug":"saint-patron-saint-georges-23-avril","status":"publish","type":"post","link":"https:\/\/svil.constantinianorder.com\/fr\/saint-patron-saint-georges-23-avril\/","title":{"rendered":"SAINT PATRON : SAINT-GEORGES \u2013 23 AVRIL"},"content":{"rendered":"<p><strong><img loading=\"lazy\" decoding=\"async\" class=\"alignleft wp-image-18773\" src=\"http:\/\/www.constantinianorder.net\/wp-content\/uploads\/2015\/04\/1-Acquasanta-0073-500x333.jpg\" alt=\"1---Acquasanta-0073\" width=\"198\" height=\"132\" \/><\/strong><\/p>\n<p><strong>G\u00eanes le 23 avril 2015 \u2013 <\/strong>La d\u00e9l\u00e9gation de l\u2019Ordre de Ligurie \u2013 Groupe de G\u00eanes Ouest \u2013 a honor\u00e9 la m\u00e9moire de son Saint Patron, Saint-Georges, dans le magnifique cadre de l\u2019antique Sanctuaire de l\u2019Acquasanta de G\u00eanes Voltri. La D\u00e9l\u00e9gation a \u00e9t\u00e9 accueillie par le Recteur P\u00e8re Giuseppe Binoy et par l\u2019ancien Groupe Historique de Pegli, dans ses tr\u00e8s riches habits traditionnels. Le d\u00e9l\u00e9gu\u00e9 a rappel\u00e9 l\u2019\u00e9tat de difficult\u00e9 \u00e9conomique profond, souvent de pauvret\u00e9, dans lequel se trouve d\u00e9sormais un nombre toujours plus important d\u2019italiens et de ressortissants non communautaires, face auquel sont fr\u00e9quemment organis\u00e9es des manifestations de bienfaisance, dans le cadre du projet \u00ab La faim de notre voisin \u00bb introduite par le Grand Magist\u00e8re de l\u2019Ordre. Avec les nombreuses Autorit\u00e9s intervenues,\u00a0 l\u2019eucharistie a \u00e9t\u00e9 c\u00e9l\u00e9br\u00e9e par Don Michele Albera,O.S.B.<\/p>\n<p>Au cours de la c\u00e9r\u00e9monie, le chevalier Antonio Esposito a fait don \u00e0 la D\u00e9l\u00e9gation de trois grands drapeaux qui ont \u00e9t\u00e9 b\u00e9nis ; Madame Maria Gabriella Frumento Traverso, Pr\u00e9sidente du Groupe Historique de Pegli, a remis au D\u00e9l\u00e9gu\u00e9 un parchemin artistique, en reconnaissance des activit\u00e9s de bienfaisance exerc\u00e9es par l\u2019Ordre Constantinien ;\u00a0 le D\u00e9l\u00e9gu\u00e9, \u00e0 son tour, \u00e0 donn\u00e9 \u00e0 Don Albera et \u00e0 Don Giuseppe, deux reproductions anciennes \u00e0 l\u2019encre de chine de la c\u00e9r\u00e9monie religieuse des noces de Ferdinand II avec Marie Christine de Savoie, qui ont eu lieu en la pr\u00e9sence du Prince Fulco Ruffo de Calabre.<\/p>\n<p>.<\/p>\n<p><!--more--><\/p>\n<p><img loading=\"lazy\" decoding=\"async\" class=\"alignnone size-medium wp-image-18776\" src=\"http:\/\/www.constantinianorder.net\/wp-content\/uploads\/2015\/04\/4-Acquasanta-0052-500x333.jpg\" alt=\"4---Acquasanta-0052\" width=\"500\" height=\"333\" \/><img loading=\"lazy\" decoding=\"async\" class=\"alignnone size-medium wp-image-18773\" src=\"http:\/\/www.constantinianorder.net\/wp-content\/uploads\/2015\/04\/1-Acquasanta-0073-500x333.jpg\" alt=\"1---Acquasanta-0073\" width=\"500\" height=\"333\" \/><img loading=\"lazy\" decoding=\"async\" class=\"alignnone size-medium wp-image-18774\" src=\"http:\/\/www.constantinianorder.net\/wp-content\/uploads\/2015\/04\/2-Acquasanta-0031-500x333.jpg\" alt=\"2---Acquasanta-0031\" width=\"500\" height=\"333\" \/><img loading=\"lazy\" decoding=\"async\" class=\"alignnone size-medium wp-image-18775\" src=\"http:\/\/www.constantinianorder.net\/wp-content\/uploads\/2015\/04\/3-Acquasanta-0061-500x333.jpg\" alt=\"3---Acquasanta-0061\" width=\"500\" height=\"333\" \/><\/p>\n","protected":false},"excerpt":{"rendered":"<p>G\u00eanes le 23 avril 2015 \u2013 La d\u00e9l\u00e9gation de l\u2019Ordre de Ligurie \u2013 Groupe de G\u00eanes Ouest \u2013 a honor\u00e9 la m\u00e9moire de son Saint Patron, Saint-Georges, dans le magnifique cadre de l\u2019antique Sanctuaire de l\u2019Acquasanta de G\u00eanes Voltri. La D\u00e9l\u00e9gation a \u00e9t\u00e9 accueillie par le Recteur P\u00e8re Giuseppe Binoy et par l\u2019ancien Groupe Historique [&hellip;]<\/p>\n","protected":false},"author":1,"featured_media":0,"comment_status":"closed","ping_status":"open","sticky":false,"template":"","format":"standard","meta":{"footnotes":""},"categories":[178],"tags":[],"class_list":["post-18954","post","type-post","status-publish","format-standard","hentry","category-delegation-de-la-ligurie"],"_links":{"self":[{"href":"https:\/\/svil.constantinianorder.com\/fr\/wp-json\/wp\/v2\/posts\/18954","targetHints":{"allow":["GET"]}}],"collection":[{"href":"https:\/\/svil.constantinianorder.com\/fr\/wp-json\/wp\/v2\/posts"}],"about":[{"href":"https:\/\/svil.constantinianorder.com\/fr\/wp-json\/wp\/v2\/types\/post"}],"author":[{"embeddable":true,"href":"https:\/\/svil.constantinianorder.com\/fr\/wp-json\/wp\/v2\/users\/1"}],"replies":[{"embeddable":true,"href":"https:\/\/svil.constantinianorder.com\/fr\/wp-json\/wp\/v2\/comments?post=18954"}],"version-history":[{"count":1,"href":"https:\/\/svil.constantinianorder.com\/fr\/wp-json\/wp\/v2\/posts\/18954\/revisions"}],"predecessor-version":[{"id":60284,"href":"https:\/\/svil.constantinianorder.com\/fr\/wp-json\/wp\/v2\/posts\/18954\/revisions\/60284"}],"wp:attachment":[{"href":"https:\/\/svil.constantinianorder.com\/fr\/wp-json\/wp\/v2\/media?parent=18954"}],"wp:term":[{"taxonomy":"category","embeddable":true,"href":"https:\/\/svil.constantinianorder.com\/fr\/wp-json\/wp\/v2\/categories?post=18954"},{"taxonomy":"post_tag","embeddable":true,"href":"https:\/\/svil.constantinianorder.com\/fr\/wp-json\/wp\/v2\/tags?post=18954"}],"curies":[{"name":"wp","href":"https:\/\/api.w.org\/{rel}","templated":true}]}}