{"id":18955,"date":"2015-04-03T14:05:29","date_gmt":"2015-04-03T14:05:29","guid":{"rendered":"http:\/\/www.constantinianorder.net\/?p=18955"},"modified":"2026-01-16T16:01:54","modified_gmt":"2026-01-16T16:01:54","slug":"lordre-sacre-et-militaire-constantinien-de-saint-georges-present-aux-celebrations-et-en-procession-a-montelepre","status":"publish","type":"post","link":"https:\/\/svil.constantinianorder.com\/fr\/lordre-sacre-et-militaire-constantinien-de-saint-georges-present-aux-celebrations-et-en-procession-a-montelepre\/","title":{"rendered":"L\u2019Ordre Sacr\u00e9 et Militaire Constantinien de Saint-Georges pr\u00e9sent aux c\u00e9l\u00e9brations et en procession \u00e0 Montelepre"},"content":{"rendered":"<p><strong><a href=\"http:\/\/www.constantinianorder.net\/wp-content\/uploads\/2015\/05\/IMG-20150403-WA0133.jpg\"><img loading=\"lazy\" decoding=\"async\" class=\"alignleft wp-image-18762\" src=\"http:\/\/www.constantinianorder.net\/wp-content\/uploads\/2015\/05\/IMG-20150403-WA0133-500x281.jpg\" alt=\"IMG-20150403-WA0133\" width=\"222\" height=\"125\" \/><\/a><\/strong><\/p>\n<p><strong>Montelepre (PA) le 3 avril 2015 \u2013 <\/strong>Succ\u00e8s de grande envergure pour l\u2019\u00e9ni\u00e8me Procession de le reliquaire du Christ Mort dans les rues de Montelepre, dans la province de Palerme.<\/p>\n<p>Le rendez-vous a eu lieu cette ann\u00e9e aussi, le Vendredi, lorsque dans l\u2019apr\u00e8s-midi, dans l\u2019Eglise Paroissiale, \u00e0 la fin de la c\u00e9l\u00e9bration de la Fonction Sacr\u00e9e de l\u2019Exaltation de la Croix,\u00a0 en la pr\u00e9sence de quelques chevaliers de l\u2019Ordre Militaire et Sacr\u00e9 et parmi eux : Le Chevalier de gr\u00e2ce, le Noble Pierfrancesco Mistretta, repr\u00e9sentant le vicaire adjoint pour la Sicile de l\u2019ordre Constantinien, le Chevalier m\u00e9daill\u00e9 du m\u00e9rite Monsieur Antonio Fundaro et des Chevaliers de m\u00e9rite Vincenzo Bussa, Salvatore Trovato et Bartolo Crisafulli.<\/p>\n<p>La procession du Christ Mort a pr\u00e9sent\u00e9 en p\u00e8lerinage, parmi les \u00e9glises de la ville, la statue antique mise dans un reliquaire de verre du XVIII si\u00e8cle, orn\u00e9e de roses et d\u2019\u0153illets rouges, d\u2019argent et de pierres pr\u00e9cieuses, port\u00e9e sur les \u00e9paules des membres de la confr\u00e9rie de l\u2019antique congr\u00e9gation des Gentilhommes, dont la chapelle se situe \u00e0 quelques m\u00e8tres de l\u2019Eglise Paroissiale, dans l\u2019abside de la chapelle lat\u00e9rale gauche dans laquelle est gard\u00e9e, toute l\u2019ann\u00e9e, la statue du Christ Mort, v\u00e9n\u00e9r\u00e9e et ador\u00e9e par beaucoup de fid\u00e8les qui s\u2019adressent \u00e0 elle, dans les moments les plus tristes de leur vie.<\/p>\n<p>Le cercueil a \u00e9t\u00e9 suivi par l&rsquo;image de notre Dame des Douleurs, imposante statue de style XVIII\u00e8me si\u00e8cle, qui est entour\u00e9e d\u2019un pr\u00e9cieux manteau noir et qui a \u00e9t\u00e9 port\u00e9e sur ses \u00e9paules par le ma\u00eetre de C\u00e9r\u00e9monie, rev\u00eatu d\u2019un strict habit noir. Alors que la fanfare Amadeus de Montelepre jouait une \u00e9mouvante marche fun\u00e8bre, des milliers de fid\u00e8les, m\u00eame pieds nus, ont accompagn\u00e9 la Procession dans un silence religieux jusqu\u2019\u00e0 son \u00e9pilogue : le Christ Mort d\u00e9pouill\u00e9 de son habit d\u2019or et des pierres pr\u00e9cieuses, a \u00e9t\u00e9 envelopp\u00e9 dans un drap, pour \u00e9voquer le Saint Suaire, escort\u00e9 de deux chevaliers de l\u2019Ordre Constantinien de<\/p>\n<p>Saint Georges et des Carabiniers en uniforme, parmi les larmes abondantes des fid\u00e8les, et\u00a0 a \u00e9t\u00e9 d\u00e9pos\u00e9 dans le reliquaire en verre, sous l\u2019autel, dans l\u2019abside de la nef lat\u00e9rale gauche.<\/p>\n<p>Le pr\u00e9sident de la Congr\u00e9gation des Gentilshommes, pour compl\u00e9ter ce rituel sacr\u00e9 qui dure d\u00e9sormais depuis des si\u00e8cles, au retour dans la Chapelle, a distribu\u00e9 en signe de reconnaissance, aux chevaliers pr\u00e9sents, les roses et les oeillets rouges qui en tr\u00e8s grand nombre formaient le manteau o\u00f9 le Christ Mort avait \u00e9t\u00e9 d\u00e9pos\u00e9.<\/p>\n<p>S&rsquo;est conclu , ainsi, un rite sacr\u00e9 unique en son genre en Sicile, cette ann\u00e9e \u00e9galement , a \u00e9t\u00e9 confi\u00e9 aux mains expertes d&rsquo;hommes comme Salvatore Biondo, \u00e0 qui appartient le m\u00e9rite de ne pas laisser dispara\u00eetre une si importante \u00e9vocation historique et le privil\u00e8ge de maintenir, \u00e0 un si haut degr\u00e9, un moment si \u00e9mouvant et triste , de tous les les chr\u00e9tiens et de chaque croyant.<\/p>\n<p>&nbsp;<\/p>\n<p><!--more--><\/p>\n<p><a href=\"http:\/\/www.constantinianorder.net\/wp-content\/uploads\/2015\/05\/20150403_162649.jpg\"><img loading=\"lazy\" decoding=\"async\" class=\"alignnone size-medium wp-image-18756\" src=\"http:\/\/www.constantinianorder.net\/wp-content\/uploads\/2015\/05\/20150403_162649-281x500.jpg\" alt=\"20150403_162649\" width=\"281\" height=\"500\" \/><\/a> <a href=\"http:\/\/www.constantinianorder.net\/wp-content\/uploads\/2015\/05\/20150403_185840.jpg\"><img loading=\"lazy\" decoding=\"async\" class=\"alignnone size-medium wp-image-18757\" src=\"http:\/\/www.constantinianorder.net\/wp-content\/uploads\/2015\/05\/20150403_185840-500x281.jpg\" alt=\"20150403_185840\" width=\"500\" height=\"281\" \/><\/a> <a href=\"http:\/\/www.constantinianorder.net\/wp-content\/uploads\/2015\/05\/20150403_191159.jpg\"><img loading=\"lazy\" decoding=\"async\" class=\"alignnone size-medium wp-image-18758\" src=\"http:\/\/www.constantinianorder.net\/wp-content\/uploads\/2015\/05\/20150403_191159-500x281.jpg\" alt=\"20150403_191159\" width=\"500\" height=\"281\" \/><\/a> <a href=\"http:\/\/www.constantinianorder.net\/wp-content\/uploads\/2015\/05\/20150403_195455.jpg\"><img loading=\"lazy\" decoding=\"async\" class=\"alignnone size-medium wp-image-18759\" src=\"http:\/\/www.constantinianorder.net\/wp-content\/uploads\/2015\/05\/20150403_195455-281x500.jpg\" alt=\"20150403_195455\" width=\"281\" height=\"500\" \/><\/a> <a href=\"http:\/\/www.constantinianorder.net\/wp-content\/uploads\/2015\/05\/20150403_210821.jpg\"><img loading=\"lazy\" decoding=\"async\" class=\"alignnone size-medium wp-image-18760\" src=\"http:\/\/www.constantinianorder.net\/wp-content\/uploads\/2015\/05\/20150403_210821-500x281.jpg\" alt=\"20150403_210821\" width=\"500\" height=\"281\" \/><\/a> <a href=\"http:\/\/www.constantinianorder.net\/wp-content\/uploads\/2015\/05\/IMG-20150403-WA0109.jpeg\"><img loading=\"lazy\" decoding=\"async\" class=\"alignnone size-medium wp-image-18761\" src=\"http:\/\/www.constantinianorder.net\/wp-content\/uploads\/2015\/05\/IMG-20150403-WA0109-500x281.jpeg\" alt=\"IMG-20150403-WA0109\" width=\"500\" height=\"281\" \/><\/a> <a href=\"http:\/\/www.constantinianorder.net\/wp-content\/uploads\/2015\/05\/IMG-20150403-WA0133.jpg\"><img loading=\"lazy\" decoding=\"async\" class=\"alignnone size-medium wp-image-18762\" src=\"http:\/\/www.constantinianorder.net\/wp-content\/uploads\/2015\/05\/IMG-20150403-WA0133-500x281.jpg\" alt=\"IMG-20150403-WA0133\" width=\"500\" height=\"281\" \/><\/a><\/p>\n","protected":false},"excerpt":{"rendered":"<p>Montelepre (PA) le 3 avril 2015 \u2013 Succ\u00e8s de grande envergure pour l\u2019\u00e9ni\u00e8me Procession de le reliquaire du Christ Mort dans les rues de Montelepre, dans la province de Palerme. Le rendez-vous a eu lieu cette ann\u00e9e aussi, le Vendredi, lorsque dans l\u2019apr\u00e8s-midi, dans l\u2019Eglise Paroissiale, \u00e0 la fin de la c\u00e9l\u00e9bration de la Fonction [&hellip;]<\/p>\n","protected":false},"author":1,"featured_media":0,"comment_status":"closed","ping_status":"open","sticky":false,"template":"","format":"standard","meta":{"footnotes":""},"categories":[166],"tags":[],"class_list":["post-18955","post","type-post","status-publish","format-standard","hentry","category-delegation-de-la-sicile"],"_links":{"self":[{"href":"https:\/\/svil.constantinianorder.com\/fr\/wp-json\/wp\/v2\/posts\/18955","targetHints":{"allow":["GET"]}}],"collection":[{"href":"https:\/\/svil.constantinianorder.com\/fr\/wp-json\/wp\/v2\/posts"}],"about":[{"href":"https:\/\/svil.constantinianorder.com\/fr\/wp-json\/wp\/v2\/types\/post"}],"author":[{"embeddable":true,"href":"https:\/\/svil.constantinianorder.com\/fr\/wp-json\/wp\/v2\/users\/1"}],"replies":[{"embeddable":true,"href":"https:\/\/svil.constantinianorder.com\/fr\/wp-json\/wp\/v2\/comments?post=18955"}],"version-history":[{"count":1,"href":"https:\/\/svil.constantinianorder.com\/fr\/wp-json\/wp\/v2\/posts\/18955\/revisions"}],"predecessor-version":[{"id":60246,"href":"https:\/\/svil.constantinianorder.com\/fr\/wp-json\/wp\/v2\/posts\/18955\/revisions\/60246"}],"wp:attachment":[{"href":"https:\/\/svil.constantinianorder.com\/fr\/wp-json\/wp\/v2\/media?parent=18955"}],"wp:term":[{"taxonomy":"category","embeddable":true,"href":"https:\/\/svil.constantinianorder.com\/fr\/wp-json\/wp\/v2\/categories?post=18955"},{"taxonomy":"post_tag","embeddable":true,"href":"https:\/\/svil.constantinianorder.com\/fr\/wp-json\/wp\/v2\/tags?post=18955"}],"curies":[{"name":"wp","href":"https:\/\/api.w.org\/{rel}","templated":true}]}}