{"id":19150,"date":"2015-08-04T11:45:29","date_gmt":"2015-08-04T11:45:29","guid":{"rendered":"http:\/\/www.constantinianorder.net\/?p=19150"},"modified":"2026-02-05T15:36:49","modified_gmt":"2026-02-05T15:36:49","slug":"pelerinage-a-assise-le-18-19-et-20-septembre-2015","status":"publish","type":"post","link":"https:\/\/svil.constantinianorder.com\/fr\/pelerinage-a-assise-le-18-19-et-20-septembre-2015\/","title":{"rendered":"P\u00e8lerinage \u00e0 Assise le 18, 19 et 20 Septembre 2015"},"content":{"rendered":"<p><a href=\"http:\/\/www.constantinianorder.net\/wp-content\/uploads\/2015\/07\/immagine.jpeg\"><img loading=\"lazy\" decoding=\"async\" class=\"alignleft wp-image-19124\" src=\"http:\/\/www.constantinianorder.net\/wp-content\/uploads\/2015\/07\/immagine-500x371.jpeg\" alt=\"immagine\" width=\"177\" height=\"131\" \/><\/a><\/p>\n<p>Assise le 18, 19 et 20 septembre 2015.<\/p>\n<p>Illustres Chevaliers et ch\u00e8res Dames, en r\u00e9ponse \u00e0 de nombreuses questions\u00e0 ce sujet, nous vous informons qu\u2019il est encore possible de participer au p\u00e8lerinage nternational que le Grand Magist\u00e8re a organis\u00e9 du 18 au \u00a020 Septembre \u00e0 Assise, sur la tombeau de Saint Fran\u00e7ois.<\/p>\n<p>&nbsp;<\/p>\n<p>C\u2019est pour cette raison que\u00a0 nous invitons tous ceux qui sont int\u00e9ress\u00e9s \u00e0 ommuniquer le plus t\u00f4t \u00a0possible son adhesion \u00e0 la\u00a0 Chancellerie.<\/p>\n<p>&nbsp;<\/p>\n<p>La participation au p\u00e8lerinage est reserv\u00e9e aux membres de l&rsquo;Ordre, \u00a0\u00e0 leurs familles et \u00e0 leurs d&rsquo;amis, aux b\u00e9n\u00e9vole set aux bienfaiteurs \u00a0pr\u00e9sent\u00e9s par un Chevalier ou une Dame.<\/p>\n<p>&nbsp;<\/p>\n<p>La fiche d&rsquo;inscription avec toutes les indications techniques pour la participation et le programme de l&rsquo;\u00e9v\u00e9nement peut \u00eatre demand\u00e9e\u00a0 aupr\u00e8s de la Chancellerie \u00e0 l\u2019adresse mail\u00a0 suivant:<\/p>\n<p>pellegrinaggi@ordine-costantiniano.it<\/p>\n<p>&nbsp;<\/p>\n","protected":false},"excerpt":{"rendered":"<p>Assise le 18, 19 et 20 septembre 2015. Illustres Chevaliers et ch\u00e8res Dames, en r\u00e9ponse \u00e0 de nombreuses questions\u00e0 ce sujet, nous vous informons qu\u2019il est encore possible de participer au p\u00e8lerinage nternational que le Grand Magist\u00e8re a organis\u00e9 du 18 au \u00a020 Septembre \u00e0 Assise, sur la tombeau de Saint Fran\u00e7ois. &nbsp; C\u2019est pour [&hellip;]<\/p>\n","protected":false},"author":1,"featured_media":0,"comment_status":"closed","ping_status":"open","sticky":false,"template":"","format":"standard","meta":{"footnotes":""},"categories":[186],"tags":[],"class_list":["post-19150","post","type-post","status-publish","format-standard","hentry","category-communiques-du-grand-magistere"],"_links":{"self":[{"href":"https:\/\/svil.constantinianorder.com\/fr\/wp-json\/wp\/v2\/posts\/19150","targetHints":{"allow":["GET"]}}],"collection":[{"href":"https:\/\/svil.constantinianorder.com\/fr\/wp-json\/wp\/v2\/posts"}],"about":[{"href":"https:\/\/svil.constantinianorder.com\/fr\/wp-json\/wp\/v2\/types\/post"}],"author":[{"embeddable":true,"href":"https:\/\/svil.constantinianorder.com\/fr\/wp-json\/wp\/v2\/users\/1"}],"replies":[{"embeddable":true,"href":"https:\/\/svil.constantinianorder.com\/fr\/wp-json\/wp\/v2\/comments?post=19150"}],"version-history":[{"count":1,"href":"https:\/\/svil.constantinianorder.com\/fr\/wp-json\/wp\/v2\/posts\/19150\/revisions"}],"predecessor-version":[{"id":60523,"href":"https:\/\/svil.constantinianorder.com\/fr\/wp-json\/wp\/v2\/posts\/19150\/revisions\/60523"}],"wp:attachment":[{"href":"https:\/\/svil.constantinianorder.com\/fr\/wp-json\/wp\/v2\/media?parent=19150"}],"wp:term":[{"taxonomy":"category","embeddable":true,"href":"https:\/\/svil.constantinianorder.com\/fr\/wp-json\/wp\/v2\/categories?post=19150"},{"taxonomy":"post_tag","embeddable":true,"href":"https:\/\/svil.constantinianorder.com\/fr\/wp-json\/wp\/v2\/tags?post=19150"}],"curies":[{"name":"wp","href":"https:\/\/api.w.org\/{rel}","templated":true}]}}