{"id":19265,"date":"2015-06-28T11:46:40","date_gmt":"2015-06-28T11:46:40","guid":{"rendered":"http:\/\/www.constantinianorder.net\/?p=19265"},"modified":"2026-01-16T16:03:10","modified_gmt":"2026-01-16T16:03:10","slug":"cloture-de-la-ix-saison-saison-de-concerts-de-la-delegation-de-sicile","status":"publish","type":"post","link":"https:\/\/svil.constantinianorder.com\/fr\/cloture-de-la-ix-saison-saison-de-concerts-de-la-delegation-de-sicile\/","title":{"rendered":"CLOTURE DE LA IX SAISON DE CONCERTS DE LA DELEGATION DE SICILE"},"content":{"rendered":"<p><strong><a href=\"http:\/\/www.constantinianorder.net\/wp-content\/uploads\/2015\/08\/28-06-15-concerto-di-chiusura-IX-stagione-concertistica-034.jpg\"><img loading=\"lazy\" decoding=\"async\" class=\"alignleft wp-image-19217\" src=\"http:\/\/www.constantinianorder.net\/wp-content\/uploads\/2015\/08\/28-06-15-concerto-di-chiusura-IX-stagione-concertistica-034-500x333.jpg\" alt=\"28-06-15 concerto di chiusura IX stagione concertistica 034\" width=\"209\" height=\"139\" \/><\/a><\/strong><\/p>\n<p><strong>Sicile le 28 juin 2015 \u2013 <\/strong>S\u2019est conclue la IX\u00e8me saison de concerts de la D\u00e9l\u00e9gation Sicile en l\u2019\u00e9glise Sainte Marie des Agonisants. Ce concert a \u00e9t\u00e9 d\u00e9di\u00e9 au Ma\u00eetre Giuseppe di Janni pour le centenaire de sa naissance. Le Ma\u00eetre Giuseppe di Janni, p\u00e8re et grand-p\u00e8re des chevaliers de Gr\u00e2ce Antonio et Giuseppe, a \u00e9t\u00e9 \u00e9galement l\u2019enseignant du Ma\u00eetre Alberto Giacchino, chevalier constantinien du M\u00e9rite, directeur artistique des saisons de concerts constantiniens. Le Ma\u00eetre Giacchino a rappel\u00e9 la figure charismatique de son enseignant et sa grande capacit\u00e9 d\u2019instaurer avec ses \u00e9l\u00e8ves une relation de \u00ab\u00a0ma\u00eetre\u00a0\u00bb et \u00ab\u00a0confident\u00a0\u00bb. Des centaines de ses \u00e9l\u00e8ves sont devenus, au cours du temps, des enseignants au conservatoire et des premiers violons dans les meilleurs orchestres italiens. Le Ma\u00eetre Giuseppe di Janni a commenc\u00e9 ses \u00e9tudes sous la conduite du p\u00e8re Antonio, chef d\u2019orchestre connu du 19<sup>\u00e8me<\/sup> si\u00e8cle et du d\u00e9but du 20<sup>\u00e8me<\/sup> si\u00e8cle. Il a continu\u00e9 ses \u00e9tudes \u00e0 Naples avec le Ma\u00eetre Francesco Cilea et a obtenu son dipl\u00f4me \u00e0 Palerme au conservatoire Bellini avec le Ma\u00eetre G. Ferrara. Il a particip\u00e9 avec l\u2019orchestre symphonique sicilien \u00e0 de nombreuses tourn\u00e9es internationales dans toute l\u2019Europe dans le r\u00f4le de premier violon.\u00a0Le concert a \u00e9t\u00e9 suivi d\u2019un quartet de cordes et piano, Antonio Sutera Sutera au violon, Plescis \u00e0 la viole, Frana Bongiovanni au Violoncelle et Andrea Emanuele au piano. Des musiques de Mahler ont \u00e9t\u00e9 ex\u00e9cut\u00e9es.<\/p>\n<p>&nbsp;<\/p>\n<p><!--more--><\/p>\n<p>&nbsp;<\/p>\n<p><a href=\"http:\/\/www.constantinianorder.net\/wp-content\/uploads\/2015\/08\/28-06-15-concerto-di-chiusura-IX-stagione-concertistica-022.jpg\"><img loading=\"lazy\" decoding=\"async\" class=\"alignnone size-medium wp-image-19216\" src=\"http:\/\/www.constantinianorder.net\/wp-content\/uploads\/2015\/08\/28-06-15-concerto-di-chiusura-IX-stagione-concertistica-022-500x333.jpg\" alt=\"28-06-15 concerto di chiusura IX stagione concertistica 022\" width=\"500\" height=\"333\" \/><\/a> <a href=\"http:\/\/www.constantinianorder.net\/wp-content\/uploads\/2015\/08\/28-06-15-concerto-di-chiusura-IX-stagione-concertistica-034.jpg\"><img loading=\"lazy\" decoding=\"async\" class=\"alignnone size-medium wp-image-19217\" src=\"http:\/\/www.constantinianorder.net\/wp-content\/uploads\/2015\/08\/28-06-15-concerto-di-chiusura-IX-stagione-concertistica-034-500x333.jpg\" alt=\"28-06-15 concerto di chiusura IX stagione concertistica 034\" width=\"500\" height=\"333\" \/><\/a> <a href=\"http:\/\/www.constantinianorder.net\/wp-content\/uploads\/2015\/08\/28-06-15-concerto-di-chiusura-IX-stagione-concertistica-053.jpg\"><img loading=\"lazy\" decoding=\"async\" class=\"alignnone size-medium wp-image-19218\" src=\"http:\/\/www.constantinianorder.net\/wp-content\/uploads\/2015\/08\/28-06-15-concerto-di-chiusura-IX-stagione-concertistica-053-500x333.jpg\" alt=\"28-06-15 concerto di chiusura IX stagione concertistica 053\" width=\"500\" height=\"333\" \/><\/a> <a href=\"http:\/\/www.constantinianorder.net\/wp-content\/uploads\/2015\/08\/M.stro-Giuseppe-di-Janni.jpg\"><img loading=\"lazy\" decoding=\"async\" class=\"alignnone size-medium wp-image-19219\" src=\"http:\/\/www.constantinianorder.net\/wp-content\/uploads\/2015\/08\/M.stro-Giuseppe-di-Janni-354x500.jpg\" alt=\"22C-6e-20150614214057\" width=\"354\" height=\"500\" \/><\/a><\/p>\n","protected":false},"excerpt":{"rendered":"<p>Sicile le 28 juin 2015 \u2013 S\u2019est conclue la IX\u00e8me saison de concerts de la D\u00e9l\u00e9gation Sicile en l\u2019\u00e9glise Sainte Marie des Agonisants. Ce concert a \u00e9t\u00e9 d\u00e9di\u00e9 au Ma\u00eetre Giuseppe di Janni pour le centenaire de sa naissance. Le Ma\u00eetre Giuseppe di Janni, p\u00e8re et grand-p\u00e8re des chevaliers de Gr\u00e2ce Antonio et Giuseppe, a [&hellip;]<\/p>\n","protected":false},"author":1,"featured_media":0,"comment_status":"closed","ping_status":"open","sticky":false,"template":"","format":"standard","meta":{"footnotes":""},"categories":[166],"tags":[],"class_list":["post-19265","post","type-post","status-publish","format-standard","hentry","category-delegation-de-la-sicile"],"_links":{"self":[{"href":"https:\/\/svil.constantinianorder.com\/fr\/wp-json\/wp\/v2\/posts\/19265","targetHints":{"allow":["GET"]}}],"collection":[{"href":"https:\/\/svil.constantinianorder.com\/fr\/wp-json\/wp\/v2\/posts"}],"about":[{"href":"https:\/\/svil.constantinianorder.com\/fr\/wp-json\/wp\/v2\/types\/post"}],"author":[{"embeddable":true,"href":"https:\/\/svil.constantinianorder.com\/fr\/wp-json\/wp\/v2\/users\/1"}],"replies":[{"embeddable":true,"href":"https:\/\/svil.constantinianorder.com\/fr\/wp-json\/wp\/v2\/comments?post=19265"}],"version-history":[{"count":1,"href":"https:\/\/svil.constantinianorder.com\/fr\/wp-json\/wp\/v2\/posts\/19265\/revisions"}],"predecessor-version":[{"id":60438,"href":"https:\/\/svil.constantinianorder.com\/fr\/wp-json\/wp\/v2\/posts\/19265\/revisions\/60438"}],"wp:attachment":[{"href":"https:\/\/svil.constantinianorder.com\/fr\/wp-json\/wp\/v2\/media?parent=19265"}],"wp:term":[{"taxonomy":"category","embeddable":true,"href":"https:\/\/svil.constantinianorder.com\/fr\/wp-json\/wp\/v2\/categories?post=19265"},{"taxonomy":"post_tag","embeddable":true,"href":"https:\/\/svil.constantinianorder.com\/fr\/wp-json\/wp\/v2\/tags?post=19265"}],"curies":[{"name":"wp","href":"https:\/\/api.w.org\/{rel}","templated":true}]}}