{"id":19412,"date":"2015-09-10T18:46:05","date_gmt":"2015-09-10T18:46:05","guid":{"rendered":"http:\/\/www.constantinianorder.net\/?p=19412"},"modified":"2026-01-16T16:07:12","modified_gmt":"2026-01-16T16:07:12","slug":"aide-humanitaire-pour-une-famille-sicilienne","status":"publish","type":"post","link":"https:\/\/svil.constantinianorder.com\/fr\/aide-humanitaire-pour-une-famille-sicilienne\/","title":{"rendered":"AIDE HUMANITAIRE POUR UNE FAMILLE SICILIENNE"},"content":{"rendered":"<p><strong><em>Palerme, septembre 2015<\/em><\/strong>. Toujours en premi\u00e8re ligne, en ce qui concerne les activit\u00e9s humanitaires, l\u2019Ordre Sacr\u00e9 et Militaire Constantinien de Saint-Georges a soutenu, \u00e0 cette occasion, la famille Badagliacca dans leur \u00ab\u00a0voyage de l\u2019espoir\u00a0\u00bb de Palerme \u00e0 Florence pour soigner leur enfant atteint d\u2019une maladie grave.<\/p>\n<p>L\u2019intervention de l\u2019Ordre a eu lieu dans le cadre de l\u2019objectif unitaire et humanitaire qu\u2019il souhaite poursuivre de fa\u00e7on primordiale, en rassemblant toutes ses forces, \u00e0 travers l\u2019action de toutes les D\u00e9l\u00e9gations et en les dirigeant vers le projet <strong>\u00ab\u00a0La faim de notre voisin\u00a0\u00bb<\/strong>. Notre \u00ab\u00a0voisin\u00a0\u00bb est \u00e0 prendre au sens \u00e9vang\u00e9lique du terme, c\u2019est-\u00e0-dire notre \u00ab\u00a0prochain\u00a0\u00bb.<\/p>\n<p>Il est demand\u00e9 aux Chevaliers Constantiniens de faire face aux besoins primaires de ceux qui les entourent et qui, trop souvent, justement par cette proximit\u00e9, ne font l\u2019objet d\u2019aucune attention particuli\u00e8re.<\/p>\n<p>C\u2019est le cas de cette famille en difficult\u00e9 qui s\u2019est sentie abandonn\u00e9e par son territoire, la Commune de Palerme, qui n\u2019a pu la soutenir par manque de fonds. Cela a suscit\u00e9 certaines pol\u00e9miques concernant <em>\u00ab\u00a0les co\u00fbts de la sant\u00e9 dans le sud et le manque de fonds pour les familles en difficult\u00e9\u00a0\u00bb.<\/em><\/p>\n<p>Tr\u00e8s sensible au th\u00e8me de l\u2019enfance et bien enracin\u00e9 dans le territoire, l\u2019Ordre est donc intervenu et est parvenu \u00e0 assister la famille Badagliacca et \u00e0 satisfaire leurs besoins.<\/p>\n","protected":false},"excerpt":{"rendered":"<p>Palerme, septembre 2015. Toujours en premi\u00e8re ligne, en ce qui concerne les activit\u00e9s humanitaires, l\u2019Ordre Sacr\u00e9 et Militaire Constantinien de Saint-Georges a soutenu, \u00e0 cette occasion, la famille Badagliacca dans leur \u00ab\u00a0voyage de l\u2019espoir\u00a0\u00bb de Palerme \u00e0 Florence pour soigner leur enfant atteint d\u2019une maladie grave. L\u2019intervention de l\u2019Ordre a eu lieu dans le cadre [&hellip;]<\/p>\n","protected":false},"author":1,"featured_media":0,"comment_status":"closed","ping_status":"open","sticky":false,"template":"","format":"standard","meta":{"footnotes":""},"categories":[166],"tags":[],"class_list":["post-19412","post","type-post","status-publish","format-standard","hentry","category-delegation-de-la-sicile"],"_links":{"self":[{"href":"https:\/\/svil.constantinianorder.com\/fr\/wp-json\/wp\/v2\/posts\/19412","targetHints":{"allow":["GET"]}}],"collection":[{"href":"https:\/\/svil.constantinianorder.com\/fr\/wp-json\/wp\/v2\/posts"}],"about":[{"href":"https:\/\/svil.constantinianorder.com\/fr\/wp-json\/wp\/v2\/types\/post"}],"author":[{"embeddable":true,"href":"https:\/\/svil.constantinianorder.com\/fr\/wp-json\/wp\/v2\/users\/1"}],"replies":[{"embeddable":true,"href":"https:\/\/svil.constantinianorder.com\/fr\/wp-json\/wp\/v2\/comments?post=19412"}],"version-history":[{"count":1,"href":"https:\/\/svil.constantinianorder.com\/fr\/wp-json\/wp\/v2\/posts\/19412\/revisions"}],"predecessor-version":[{"id":60548,"href":"https:\/\/svil.constantinianorder.com\/fr\/wp-json\/wp\/v2\/posts\/19412\/revisions\/60548"}],"wp:attachment":[{"href":"https:\/\/svil.constantinianorder.com\/fr\/wp-json\/wp\/v2\/media?parent=19412"}],"wp:term":[{"taxonomy":"category","embeddable":true,"href":"https:\/\/svil.constantinianorder.com\/fr\/wp-json\/wp\/v2\/categories?post=19412"},{"taxonomy":"post_tag","embeddable":true,"href":"https:\/\/svil.constantinianorder.com\/fr\/wp-json\/wp\/v2\/tags?post=19412"}],"curies":[{"name":"wp","href":"https:\/\/api.w.org\/{rel}","templated":true}]}}