{"id":19535,"date":"2015-10-02T10:01:43","date_gmt":"2015-10-02T10:01:43","guid":{"rendered":"http:\/\/www.constantinianorder.net\/?p=19535"},"modified":"2026-01-16T16:13:22","modified_gmt":"2026-01-16T16:13:22","slug":"delegation-de-calabre-projet-dara","status":"publish","type":"post","link":"https:\/\/svil.constantinianorder.com\/fr\/delegation-de-calabre-projet-dara\/","title":{"rendered":"D\u00c9LEGATION DE CALABRE \u2013 PROJET \u00ab DARA \u00bb"},"content":{"rendered":"<p><strong><a href=\"http:\/\/www.constantinianorder.net\/wp-content\/uploads\/2015\/09\/locandina.png\"><img loading=\"lazy\" decoding=\"async\" class=\"alignleft wp-image-19505\" src=\"http:\/\/www.constantinianorder.net\/wp-content\/uploads\/2015\/09\/locandina-342x500.png\" alt=\"locandina\" width=\"141\" height=\"206\" \/><\/a><\/strong><\/p>\n<p><strong>Reggio de Calabre, 2 octobre 2015. <\/strong>La conf\u00e9rence qui traitera des probl\u00e9matiques li\u00e9es aux nouvelles formes de pauvret\u00e9 et des r\u00f4les de l\u2019Association et des Ordres Chevaleresques aura lieu dans la Salle du Conseil de la Municipalit\u00e9 de Varapodio (RC) : synergies et solutions.<\/p>\n<p><strong><em>Affiche ci-jointe<\/em><\/strong><\/p>\n<p>&nbsp;<\/p>\n<p>&nbsp;<\/p>\n<p>&nbsp;<\/p>\n<p>&nbsp;<\/p>\n<p><!--more--><\/p>\n<p><a href=\"http:\/\/www.constantinianorder.net\/wp-content\/uploads\/2015\/09\/locandina.png\"><img loading=\"lazy\" decoding=\"async\" class=\"alignnone size-medium wp-image-19505\" src=\"http:\/\/www.constantinianorder.net\/wp-content\/uploads\/2015\/09\/locandina-342x500.png\" alt=\"locandina\" width=\"342\" height=\"500\" \/><\/a><\/p>\n","protected":false},"excerpt":{"rendered":"<p>Reggio de Calabre, 2 octobre 2015. La conf\u00e9rence qui traitera des probl\u00e9matiques li\u00e9es aux nouvelles formes de pauvret\u00e9 et des r\u00f4les de l\u2019Association et des Ordres Chevaleresques aura lieu dans la Salle du Conseil de la Municipalit\u00e9 de Varapodio (RC) : synergies et solutions. Affiche ci-jointe &nbsp; &nbsp; &nbsp; &nbsp;<\/p>\n","protected":false},"author":1,"featured_media":0,"comment_status":"closed","ping_status":"open","sticky":false,"template":"","format":"standard","meta":{"footnotes":""},"categories":[160],"tags":[],"class_list":["post-19535","post","type-post","status-publish","format-standard","hentry","category-delegation-de-la-calabre"],"_links":{"self":[{"href":"https:\/\/svil.constantinianorder.com\/fr\/wp-json\/wp\/v2\/posts\/19535","targetHints":{"allow":["GET"]}}],"collection":[{"href":"https:\/\/svil.constantinianorder.com\/fr\/wp-json\/wp\/v2\/posts"}],"about":[{"href":"https:\/\/svil.constantinianorder.com\/fr\/wp-json\/wp\/v2\/types\/post"}],"author":[{"embeddable":true,"href":"https:\/\/svil.constantinianorder.com\/fr\/wp-json\/wp\/v2\/users\/1"}],"replies":[{"embeddable":true,"href":"https:\/\/svil.constantinianorder.com\/fr\/wp-json\/wp\/v2\/comments?post=19535"}],"version-history":[{"count":1,"href":"https:\/\/svil.constantinianorder.com\/fr\/wp-json\/wp\/v2\/posts\/19535\/revisions"}],"predecessor-version":[{"id":60612,"href":"https:\/\/svil.constantinianorder.com\/fr\/wp-json\/wp\/v2\/posts\/19535\/revisions\/60612"}],"wp:attachment":[{"href":"https:\/\/svil.constantinianorder.com\/fr\/wp-json\/wp\/v2\/media?parent=19535"}],"wp:term":[{"taxonomy":"category","embeddable":true,"href":"https:\/\/svil.constantinianorder.com\/fr\/wp-json\/wp\/v2\/categories?post=19535"},{"taxonomy":"post_tag","embeddable":true,"href":"https:\/\/svil.constantinianorder.com\/fr\/wp-json\/wp\/v2\/tags?post=19535"}],"curies":[{"name":"wp","href":"https:\/\/api.w.org\/{rel}","templated":true}]}}