{"id":19536,"date":"2015-09-26T13:09:32","date_gmt":"2015-09-26T13:09:32","guid":{"rendered":"http:\/\/www.constantinianorder.net\/?p=19536"},"modified":"2026-01-16T16:07:31","modified_gmt":"2026-01-16T16:07:31","slug":"le-projet-briciole-di-salute-reprend","status":"publish","type":"post","link":"https:\/\/svil.constantinianorder.com\/fr\/le-projet-briciole-di-salute-reprend\/","title":{"rendered":"LE PROJET \u00ab BRICIOLE DI SALUTE \u00bb REPREND"},"content":{"rendered":"<p><strong><a href=\"http:\/\/www.constantinianorder.net\/wp-content\/uploads\/2015\/09\/IMGP1194.jpg\"><img loading=\"lazy\" decoding=\"async\" class=\"alignleft wp-image-19508\" src=\"http:\/\/www.constantinianorder.net\/wp-content\/uploads\/2015\/09\/IMGP1194-500x271.jpg\" alt=\"IMGP1194\" width=\"238\" height=\"129\" \/><\/a><\/strong><\/p>\n<p><strong>Messine, 26 Septembre 2015. <\/strong>Dans les locaux de la Paroisse de Sainte-Catherine de Messine, l\u2019Ordre Sacr\u00e9 et Militaire Constantinien de Saint-Georges \u2013 Coordination de Messine et province, en collaboration avec la Caritas paroissiale, a repris le projet <strong>\u00ab\u00a0<\/strong><strong>Nouvelles Miettes de Sant\u00e9\u00a0\u00bb. <\/strong>Ce projet avait \u00e9t\u00e9 lanc\u00e9, auparavant, en faveur des enfants appartenant \u00e0 des familles en difficult\u00e9 d\u2019un point de vue \u00e9conomique et social.\u00a0En effet, des produits de premi\u00e8re n\u00e9cessit\u00e9 ont \u00e9t\u00e9 distribu\u00e9s \u00e0 plusieurs familles, avec lesquelles l\u2019Ordre et la Caritas paroissiale ont voulu partager des pri\u00e8res et des moments de compassion humaine, en pr\u00e9sence du Comm. prof. Giovanni Bonanno, coordinateur de Messine et province de l\u2019Ordre Sacr\u00e9 et Militaire Constantinien de Saint-Georges, des Chevaliers Dr. Giuseppe Matranga, Alessandro Gambadoro et Dr. Renato Milazzo et des bienfaiteurs Messieurs Antonino Smiroldo et Nicholas Trio.\u00a0Comme toujours, l\u2019\u00e9v\u00e9nement de solidarit\u00e9 a \u00e9t\u00e9 accueilli par le Cur\u00e9 Mons. Mario di Pietro, Vicaire et aum\u00f4nier constantinien.<\/p>\n<p><strong>\u00a0<\/strong><\/p>\n<p>&nbsp;<\/p>\n<p><!--more--><\/p>\n<p><a href=\"http:\/\/www.constantinianorder.net\/wp-content\/uploads\/2015\/09\/IMGP1189.jpg\"><img loading=\"lazy\" decoding=\"async\" class=\"alignnone size-medium wp-image-19507\" src=\"http:\/\/www.constantinianorder.net\/wp-content\/uploads\/2015\/09\/IMGP1189-500x333.jpg\" alt=\"IMGP1189\" width=\"500\" height=\"333\" \/><\/a> <a href=\"http:\/\/www.constantinianorder.net\/wp-content\/uploads\/2015\/09\/IMGP1194.jpg\"><img loading=\"lazy\" decoding=\"async\" class=\"alignnone size-medium wp-image-19508\" src=\"http:\/\/www.constantinianorder.net\/wp-content\/uploads\/2015\/09\/IMGP1194-500x271.jpg\" alt=\"IMGP1194\" width=\"500\" height=\"271\" \/><\/a> <a href=\"http:\/\/www.constantinianorder.net\/wp-content\/uploads\/2015\/09\/IMGP1198.jpg\"><img loading=\"lazy\" decoding=\"async\" class=\"alignnone size-medium wp-image-19509\" src=\"http:\/\/www.constantinianorder.net\/wp-content\/uploads\/2015\/09\/IMGP1198-500x333.jpg\" alt=\"IMGP1198\" width=\"500\" height=\"333\" \/><\/a><\/p>\n<p>&nbsp;<\/p>\n","protected":false},"excerpt":{"rendered":"<p>Messine, 26 Septembre 2015. Dans les locaux de la Paroisse de Sainte-Catherine de Messine, l\u2019Ordre Sacr\u00e9 et Militaire Constantinien de Saint-Georges \u2013 Coordination de Messine et province, en collaboration avec la Caritas paroissiale, a repris le projet \u00ab\u00a0Nouvelles Miettes de Sant\u00e9\u00a0\u00bb. Ce projet avait \u00e9t\u00e9 lanc\u00e9, auparavant, en faveur des enfants appartenant \u00e0 des familles [&hellip;]<\/p>\n","protected":false},"author":1,"featured_media":0,"comment_status":"closed","ping_status":"open","sticky":false,"template":"","format":"standard","meta":{"footnotes":""},"categories":[166],"tags":[],"class_list":["post-19536","post","type-post","status-publish","format-standard","hentry","category-delegation-de-la-sicile"],"_links":{"self":[{"href":"https:\/\/svil.constantinianorder.com\/fr\/wp-json\/wp\/v2\/posts\/19536","targetHints":{"allow":["GET"]}}],"collection":[{"href":"https:\/\/svil.constantinianorder.com\/fr\/wp-json\/wp\/v2\/posts"}],"about":[{"href":"https:\/\/svil.constantinianorder.com\/fr\/wp-json\/wp\/v2\/types\/post"}],"author":[{"embeddable":true,"href":"https:\/\/svil.constantinianorder.com\/fr\/wp-json\/wp\/v2\/users\/1"}],"replies":[{"embeddable":true,"href":"https:\/\/svil.constantinianorder.com\/fr\/wp-json\/wp\/v2\/comments?post=19536"}],"version-history":[{"count":1,"href":"https:\/\/svil.constantinianorder.com\/fr\/wp-json\/wp\/v2\/posts\/19536\/revisions"}],"predecessor-version":[{"id":60593,"href":"https:\/\/svil.constantinianorder.com\/fr\/wp-json\/wp\/v2\/posts\/19536\/revisions\/60593"}],"wp:attachment":[{"href":"https:\/\/svil.constantinianorder.com\/fr\/wp-json\/wp\/v2\/media?parent=19536"}],"wp:term":[{"taxonomy":"category","embeddable":true,"href":"https:\/\/svil.constantinianorder.com\/fr\/wp-json\/wp\/v2\/categories?post=19536"},{"taxonomy":"post_tag","embeddable":true,"href":"https:\/\/svil.constantinianorder.com\/fr\/wp-json\/wp\/v2\/tags?post=19536"}],"curies":[{"name":"wp","href":"https:\/\/api.w.org\/{rel}","templated":true}]}}