{"id":19660,"date":"2015-10-02T14:33:20","date_gmt":"2015-10-02T14:33:20","guid":{"rendered":"http:\/\/www.constantinianorder.net\/?p=19660"},"modified":"2026-01-16T16:13:26","modified_gmt":"2026-01-16T16:13:26","slug":"projet-dara-la-faim-de-notre-voisin","status":"publish","type":"post","link":"https:\/\/svil.constantinianorder.com\/fr\/projet-dara-la-faim-de-notre-voisin\/","title":{"rendered":"\u00ab Projet Dara \u2013La faim de notre voisin \u00bb"},"content":{"rendered":"<p><strong><a href=\"http:\/\/www.constantinianorder.net\/wp-content\/uploads\/2015\/10\/IMG-20151006-WA0001.jpg\"><img loading=\"lazy\" decoding=\"async\" class=\"alignleft wp-image-19651\" src=\"http:\/\/www.constantinianorder.net\/wp-content\/uploads\/2015\/10\/IMG-20151006-WA0001-300x199.jpg\" alt=\"IMG-20151006-WA0001\" width=\"237\" height=\"157\" \/><\/a><\/strong><\/p>\n<p><strong>Varapodio (RC), 2 octobre 2015<\/strong>. La D\u00e9l\u00e9gation de Calabre de l\u2019Ordre Sacr\u00e9 et Militaire Constantinien de Saint-Georges, repr\u00e9sent\u00e9e par le D\u00e9l\u00e9gu\u00e9 Vicaire Dr Aurelio Badolati, Commandeur de M\u00e9rite avec Plaque, a particip\u00e9 en tant qu\u2019invit\u00e9 d\u2019honneur \u00e0 un important congr\u00e8s organis\u00e9 par Leo Club \u00ab\u00a0Polistena Brutium\u00a0\u00bb, qui a voulu \u00e9tablir un pacte de collaboration entre les deux organisations, dont les th\u00e9matiques sociales sont tr\u00e8s ch\u00e8res \u00e0 notre Grand Ma\u00eetre car elles concernent une des r\u00e9centes \u00ab\u00a0Missions\u00a0\u00bb de l\u2019Ordre. En pr\u00e9sence de plusieurs Chevaliers et Bienfaiteurs de la D\u00e9l\u00e9gation, des autorit\u00e9s et d\u2019un large public, l\u2019\u00e9v\u00e9nement intitul\u00e9 \u00ab\u00a0Projet Dara \u2013 La faim de notre voisin\u00a0\u00bb s\u2019est d\u00e9roul\u00e9 dans la salle du conseil de la mairie de Varapodio (RC), mise \u00e0 disposition pour l\u2019occasion par le maire Dr Orlando Fazzolari, qui est intervenu \u00e0 ce congr\u00e8s tr\u00e8s int\u00e9ressant, centr\u00e9 sur les probl\u00e9matiques des nouvelles formes de pauvret\u00e9 et sur les \u00e9ventuelles synergies entre les ordres chevaleresques et les associations en g\u00e9n\u00e9ral qui permettraient de les r\u00e9soudre.<\/p>\n<p><strong>\u00a0<\/strong><\/p>\n<p>&nbsp;<\/p>\n<p><!--more--><\/p>\n<p><a href=\"http:\/\/www.constantinianorder.net\/wp-content\/uploads\/2015\/10\/IMG-20151006-WA0001.jpg\"><img loading=\"lazy\" decoding=\"async\" class=\"alignnone  wp-image-19651\" src=\"http:\/\/www.constantinianorder.net\/wp-content\/uploads\/2015\/10\/IMG-20151006-WA0001-300x199.jpg\" alt=\"IMG-20151006-WA0001\" width=\"440\" height=\"292\" \/><\/a><\/p>\n<p><a href=\"http:\/\/www.constantinianorder.net\/wp-content\/uploads\/2015\/10\/IMG-20151006-WA0002.jpg\"><img loading=\"lazy\" decoding=\"async\" class=\"alignnone  wp-image-19652\" src=\"http:\/\/www.constantinianorder.net\/wp-content\/uploads\/2015\/10\/IMG-20151006-WA0002-300x199.jpg\" alt=\"IMG-20151006-WA0002\" width=\"439\" height=\"291\" \/><\/a><\/p>\n<p><a href=\"http:\/\/www.constantinianorder.net\/wp-content\/uploads\/2015\/10\/IMG-20151006-WA0003.jpg\"><img loading=\"lazy\" decoding=\"async\" class=\"alignnone  wp-image-19653\" src=\"http:\/\/www.constantinianorder.net\/wp-content\/uploads\/2015\/10\/IMG-20151006-WA0003-300x200.jpg\" alt=\"IMG-20151006-WA0003\" width=\"437\" height=\"291\" \/><\/a><\/p>\n","protected":false},"excerpt":{"rendered":"<p>Varapodio (RC), 2 octobre 2015. La D\u00e9l\u00e9gation de Calabre de l\u2019Ordre Sacr\u00e9 et Militaire Constantinien de Saint-Georges, repr\u00e9sent\u00e9e par le D\u00e9l\u00e9gu\u00e9 Vicaire Dr Aurelio Badolati, Commandeur de M\u00e9rite avec Plaque, a particip\u00e9 en tant qu\u2019invit\u00e9 d\u2019honneur \u00e0 un important congr\u00e8s organis\u00e9 par Leo Club \u00ab\u00a0Polistena Brutium\u00a0\u00bb, qui a voulu \u00e9tablir un pacte de collaboration entre [&hellip;]<\/p>\n","protected":false},"author":1,"featured_media":0,"comment_status":"closed","ping_status":"open","sticky":false,"template":"","format":"standard","meta":{"footnotes":""},"categories":[160],"tags":[],"class_list":["post-19660","post","type-post","status-publish","format-standard","hentry","category-delegation-de-la-calabre"],"_links":{"self":[{"href":"https:\/\/svil.constantinianorder.com\/fr\/wp-json\/wp\/v2\/posts\/19660","targetHints":{"allow":["GET"]}}],"collection":[{"href":"https:\/\/svil.constantinianorder.com\/fr\/wp-json\/wp\/v2\/posts"}],"about":[{"href":"https:\/\/svil.constantinianorder.com\/fr\/wp-json\/wp\/v2\/types\/post"}],"author":[{"embeddable":true,"href":"https:\/\/svil.constantinianorder.com\/fr\/wp-json\/wp\/v2\/users\/1"}],"replies":[{"embeddable":true,"href":"https:\/\/svil.constantinianorder.com\/fr\/wp-json\/wp\/v2\/comments?post=19660"}],"version-history":[{"count":1,"href":"https:\/\/svil.constantinianorder.com\/fr\/wp-json\/wp\/v2\/posts\/19660\/revisions"}],"predecessor-version":[{"id":60624,"href":"https:\/\/svil.constantinianorder.com\/fr\/wp-json\/wp\/v2\/posts\/19660\/revisions\/60624"}],"wp:attachment":[{"href":"https:\/\/svil.constantinianorder.com\/fr\/wp-json\/wp\/v2\/media?parent=19660"}],"wp:term":[{"taxonomy":"category","embeddable":true,"href":"https:\/\/svil.constantinianorder.com\/fr\/wp-json\/wp\/v2\/categories?post=19660"},{"taxonomy":"post_tag","embeddable":true,"href":"https:\/\/svil.constantinianorder.com\/fr\/wp-json\/wp\/v2\/tags?post=19660"}],"curies":[{"name":"wp","href":"https:\/\/api.w.org\/{rel}","templated":true}]}}