{"id":19675,"date":"2015-10-26T12:37:49","date_gmt":"2015-10-26T12:37:49","guid":{"rendered":"http:\/\/www.constantinianorder.net\/?p=19675"},"modified":"2026-01-16T16:13:56","modified_gmt":"2026-01-16T16:13:56","slug":"don-en-faveur-des-necessiteux","status":"publish","type":"post","link":"https:\/\/svil.constantinianorder.com\/fr\/don-en-faveur-des-necessiteux\/","title":{"rendered":"DON EN FAVEUR DES N\u00c9CESSITEUX"},"content":{"rendered":"<p><strong><img loading=\"lazy\" decoding=\"async\" class=\"alignleft\" src=\"http:\/\/www.constantinianorder.net\/wp-content\/uploads\/2015\/10\/2-ok-225x300.jpg\" alt=\"2 ok\" width=\"183\" height=\"244\" \/><\/strong><\/p>\n<p><strong><em>Pavie \u2013 26 octobre 2015<\/em><\/strong>. La D\u00e9l\u00e9gation de Pavie organise un important don de plateaux-repas en faveur des n\u00e9cessiteux de la ville, \u00e0 \u00ab <strong>La Casa del Giovane<\/strong>\u00a0\u00bb, structure du Dioc\u00e8se de Pavie qui accueille les jeunes en difficult\u00e9 et, \u00e0 travers la \u00ab\u00a0Mensa del fratello\u00a0\u00bb, qui assiste les personnes \u00e2g\u00e9es exclues, les sans-abri et les familles pauvres. Une initiative lanc\u00e9e en janvier 2015 qui compte, jusqu\u2019\u00e0 aujourd\u2019hui, plus de 1.000 plateaux-repas livr\u00e9s au si\u00e8ge provincial de la Croix-Rouge Italienne.\u00a0Ce nouveau don a \u00e9t\u00e9 rendu possible gr\u00e2ce \u00e0 la contribution efficace et constante de PHARMADAY SRL (soci\u00e9t\u00e9 de distribution de produits pharmaceutiques). Le don concerne 5.500 plateaux-repas d\u00e9j\u00e0 confectionn\u00e9s et pr\u00eats \u00e0 l\u2019emploi, conseill\u00e9s \u00e0 des personnes \u00e2g\u00e9es devant suivre un r\u00e9gime riche en nutriments.\u00a0De plus, un don de 4\u00a0000 m\u00e9dicaments de comptoir sera fait gr\u00e2ce \u00e0 la soci\u00e9t\u00e9 Recktt Benckiser.\u00a0L\u2019initiative est soutenue par la Caritas dioc\u00e9saine, la Banque Alimentaire, la Croix-Rouge Italienne et les cantines dioc\u00e9saines qui assistent les n\u00e9cessiteux.\u00a0Interviendront le <strong>Grand Pr\u00e9fet Augusto Ruffo di Calabria dei Principi di Scilla<\/strong>, <strong>S.A.I.R. l\u2019Archiduc Martin d\u2019Autriche-Este<\/strong>, le <strong>Comte de Carpegna Brivio, D\u00e9l\u00e9gu\u00e9 de Milan et de Lombardie<\/strong>, les grandes charges institutionnelles militaires et civiles de la province et de la ville, y compris S.E. le Pr\u00e9fet.<\/p>\n<p>&nbsp;<\/p>\n<p><!--more--><\/p>\n<p><a href=\"http:\/\/www.constantinianorder.net\/wp-content\/uploads\/2015\/10\/2-ok.jpg\"><img loading=\"lazy\" decoding=\"async\" class=\"alignnone wp-image-19663\" src=\"http:\/\/www.constantinianorder.net\/wp-content\/uploads\/2015\/10\/2-ok-225x300.jpg\" alt=\"2 ok\" width=\"344\" height=\"459\" \/><\/a><\/p>\n<p><a href=\"http:\/\/www.constantinianorder.net\/wp-content\/uploads\/2015\/10\/3-ok.jpg\"><img loading=\"lazy\" decoding=\"async\" class=\"alignnone wp-image-19664\" src=\"http:\/\/www.constantinianorder.net\/wp-content\/uploads\/2015\/10\/3-ok-225x300.jpg\" alt=\"3 ok\" width=\"342\" height=\"456\" \/><\/a><\/p>\n<p><a href=\"http:\/\/www.constantinianorder.net\/wp-content\/uploads\/2015\/10\/4-ok.jpg\"><img loading=\"lazy\" decoding=\"async\" class=\"alignnone wp-image-19665\" src=\"http:\/\/www.constantinianorder.net\/wp-content\/uploads\/2015\/10\/4-ok-225x300.jpg\" alt=\"4 ok\" width=\"341\" height=\"455\" \/><\/a><\/p>\n","protected":false},"excerpt":{"rendered":"<p>Pavie \u2013 26 octobre 2015. La D\u00e9l\u00e9gation de Pavie organise un important don de plateaux-repas en faveur des n\u00e9cessiteux de la ville, \u00e0 \u00ab La Casa del Giovane\u00a0\u00bb, structure du Dioc\u00e8se de Pavie qui accueille les jeunes en difficult\u00e9 et, \u00e0 travers la \u00ab\u00a0Mensa del fratello\u00a0\u00bb, qui assiste les personnes \u00e2g\u00e9es exclues, les sans-abri et [&hellip;]<\/p>\n","protected":false},"author":1,"featured_media":0,"comment_status":"closed","ping_status":"open","sticky":false,"template":"","format":"standard","meta":{"footnotes":""},"categories":[152],"tags":[],"class_list":["post-19675","post","type-post","status-publish","format-standard","hentry","category-delegation-de-lombardie"],"_links":{"self":[{"href":"https:\/\/svil.constantinianorder.com\/fr\/wp-json\/wp\/v2\/posts\/19675","targetHints":{"allow":["GET"]}}],"collection":[{"href":"https:\/\/svil.constantinianorder.com\/fr\/wp-json\/wp\/v2\/posts"}],"about":[{"href":"https:\/\/svil.constantinianorder.com\/fr\/wp-json\/wp\/v2\/types\/post"}],"author":[{"embeddable":true,"href":"https:\/\/svil.constantinianorder.com\/fr\/wp-json\/wp\/v2\/users\/1"}],"replies":[{"embeddable":true,"href":"https:\/\/svil.constantinianorder.com\/fr\/wp-json\/wp\/v2\/comments?post=19675"}],"version-history":[{"count":1,"href":"https:\/\/svil.constantinianorder.com\/fr\/wp-json\/wp\/v2\/posts\/19675\/revisions"}],"predecessor-version":[{"id":60692,"href":"https:\/\/svil.constantinianorder.com\/fr\/wp-json\/wp\/v2\/posts\/19675\/revisions\/60692"}],"wp:attachment":[{"href":"https:\/\/svil.constantinianorder.com\/fr\/wp-json\/wp\/v2\/media?parent=19675"}],"wp:term":[{"taxonomy":"category","embeddable":true,"href":"https:\/\/svil.constantinianorder.com\/fr\/wp-json\/wp\/v2\/categories?post=19675"},{"taxonomy":"post_tag","embeddable":true,"href":"https:\/\/svil.constantinianorder.com\/fr\/wp-json\/wp\/v2\/tags?post=19675"}],"curies":[{"name":"wp","href":"https:\/\/api.w.org\/{rel}","templated":true}]}}