{"id":19770,"date":"2015-10-25T16:30:15","date_gmt":"2015-10-25T16:30:15","guid":{"rendered":"http:\/\/www.constantinianorder.net\/?p=19770"},"modified":"2026-01-16T16:13:52","modified_gmt":"2026-01-16T16:13:52","slug":"congres-exposition-reggio-borbonica-1734-1861-2","status":"publish","type":"post","link":"https:\/\/svil.constantinianorder.com\/fr\/congres-exposition-reggio-borbonica-1734-1861-2\/","title":{"rendered":"Congr\u00e8s \u2013 Exposition \u00ab Reggio Borbonica 1734-1861 \u00bb"},"content":{"rendered":"<p><strong><a href=\"http:\/\/www.constantinianorder.net\/wp-content\/uploads\/2015\/11\/Convegno-Reggio-borbonica.jpg\"><img loading=\"lazy\" decoding=\"async\" class=\"alignleft wp-image-19709\" src=\"http:\/\/www.constantinianorder.net\/wp-content\/uploads\/2015\/11\/Convegno-Reggio-borbonica-300x201.jpg\" alt=\"Convegno - Reggio borbonica\" width=\"251\" height=\"168\" \/><\/a><\/strong><\/p>\n<p><strong>Reggio de Calabre, 25 octobre 2015<\/strong>. Organis\u00e9 par la D\u00e9l\u00e9gation de Calabre de l\u2019Ordre Sacr\u00e9 et Militaire Constantinien de Saint-Georges et par le Minist\u00e8re des Biens et des Activit\u00e9s Culturels et du Tourisme, le congr\u00e8s-exposition \u00ab\u00a0Reggio Borbonica\u00a0: 1734 \u2013 1861\u00a0\u00bb s\u2019est d\u00e9roul\u00e9 \u00e0 l&rsquo;\u00a0Archives de Reggio de Calabre.<\/p>\n<p>Cet important \u00e9v\u00e9nement a permis de faire red\u00e9couvrir, \u00e0 travers la dissertation d\u2019illustres intervenants et la divulgation de mat\u00e9riel historique in\u00e9dit, les rapports instaur\u00e9s \u00e0 l\u2019\u00e9poque entre la ville de Reggio de Calabre et le Royaume des Deux-Siciles, peu d\u00e9crits par l\u2019historiographie officielle.<\/p>\n<p>Les ouvrages ont \u00e9t\u00e9 ouverts, en pr\u00e9sence d\u2019un public nombreux, de repr\u00e9sentants de diverses associations, mais aussi de Chevaliers et Bienfaiteurs de l\u2019Ordre, par le D\u00e9l\u00e9gu\u00e9 Vicaire de Calabre de l\u2019Ordre Sacr\u00e9 et Militaire Constantinien de Saint-Georges, le Commandeur Dr Aurelio Badolati. Sont intervenus ensuite Dr Emanuele Nazario Scarlata, Chevalier de M\u00e9rite; Dr Eduardo Lamberti Castronuovo, Conseiller \u00e0 la Culture de la Province de Reggio de Calabre\u00a0; Dr Maria Giuseppina Marra, Directrice des Archives de Reggio de Calabre.<\/p>\n<p>\u00c0 la fin du congr\u00e8s, pr\u00e9c\u00e9d\u00e9e par la traditionnelle coupure de ruban, s\u2019est d\u00e9roul\u00e9e l\u2019inauguration de l\u2019exposition pr\u00e9sentant des \u0153uvres in\u00e9dites.<\/p>\n<p><em>\u00a0<\/em><\/p>\n<p><strong>\u00a0<\/strong><\/p>\n<p>&nbsp;<\/p>\n<p><!--more--><\/p>\n<p><a href=\"http:\/\/www.constantinianorder.net\/wp-content\/uploads\/2015\/11\/Convegno-Mostra_Reggio-borbonica.jpg\"><img loading=\"lazy\" decoding=\"async\" class=\"alignnone wp-image-19708\" src=\"http:\/\/www.constantinianorder.net\/wp-content\/uploads\/2015\/11\/Convegno-Mostra_Reggio-borbonica-300x201.jpg\" alt=\"Convegno - Mostra_Reggio borbonica\" width=\"443\" height=\"297\" \/><\/a><\/p>\n<p><a href=\"http:\/\/www.constantinianorder.net\/wp-content\/uploads\/2015\/11\/Convegno-Reggio-borbonica.jpg\"><img loading=\"lazy\" decoding=\"async\" class=\"alignnone wp-image-19709\" src=\"http:\/\/www.constantinianorder.net\/wp-content\/uploads\/2015\/11\/Convegno-Reggio-borbonica-300x201.jpg\" alt=\"Convegno - Reggio borbonica\" width=\"443\" height=\"297\" \/><\/a><\/p>\n","protected":false},"excerpt":{"rendered":"<p>Reggio de Calabre, 25 octobre 2015. Organis\u00e9 par la D\u00e9l\u00e9gation de Calabre de l\u2019Ordre Sacr\u00e9 et Militaire Constantinien de Saint-Georges et par le Minist\u00e8re des Biens et des Activit\u00e9s Culturels et du Tourisme, le congr\u00e8s-exposition \u00ab\u00a0Reggio Borbonica\u00a0: 1734 \u2013 1861\u00a0\u00bb s\u2019est d\u00e9roul\u00e9 \u00e0 l&rsquo;\u00a0Archives de Reggio de Calabre. Cet important \u00e9v\u00e9nement a permis de faire [&hellip;]<\/p>\n","protected":false},"author":1,"featured_media":0,"comment_status":"closed","ping_status":"open","sticky":false,"template":"","format":"standard","meta":{"footnotes":""},"categories":[160],"tags":[],"class_list":["post-19770","post","type-post","status-publish","format-standard","hentry","category-delegation-de-la-calabre"],"_links":{"self":[{"href":"https:\/\/svil.constantinianorder.com\/fr\/wp-json\/wp\/v2\/posts\/19770","targetHints":{"allow":["GET"]}}],"collection":[{"href":"https:\/\/svil.constantinianorder.com\/fr\/wp-json\/wp\/v2\/posts"}],"about":[{"href":"https:\/\/svil.constantinianorder.com\/fr\/wp-json\/wp\/v2\/types\/post"}],"author":[{"embeddable":true,"href":"https:\/\/svil.constantinianorder.com\/fr\/wp-json\/wp\/v2\/users\/1"}],"replies":[{"embeddable":true,"href":"https:\/\/svil.constantinianorder.com\/fr\/wp-json\/wp\/v2\/comments?post=19770"}],"version-history":[{"count":1,"href":"https:\/\/svil.constantinianorder.com\/fr\/wp-json\/wp\/v2\/posts\/19770\/revisions"}],"predecessor-version":[{"id":60683,"href":"https:\/\/svil.constantinianorder.com\/fr\/wp-json\/wp\/v2\/posts\/19770\/revisions\/60683"}],"wp:attachment":[{"href":"https:\/\/svil.constantinianorder.com\/fr\/wp-json\/wp\/v2\/media?parent=19770"}],"wp:term":[{"taxonomy":"category","embeddable":true,"href":"https:\/\/svil.constantinianorder.com\/fr\/wp-json\/wp\/v2\/categories?post=19770"},{"taxonomy":"post_tag","embeddable":true,"href":"https:\/\/svil.constantinianorder.com\/fr\/wp-json\/wp\/v2\/tags?post=19770"}],"curies":[{"name":"wp","href":"https:\/\/api.w.org\/{rel}","templated":true}]}}