{"id":19831,"date":"2015-10-28T16:09:47","date_gmt":"2015-10-28T16:09:47","guid":{"rendered":"http:\/\/www.constantinianorder.net\/?p=19831"},"modified":"2026-01-16T16:14:08","modified_gmt":"2026-01-16T16:14:08","slug":"les-grandes-charges-au-projet-nuove-briciole-di-salute","status":"publish","type":"post","link":"https:\/\/svil.constantinianorder.com\/fr\/les-grandes-charges-au-projet-nuove-briciole-di-salute\/","title":{"rendered":"LES GRANDES CHARGES AU PROJET \u00ab\u00a0NOUVELLES MIETTES DE SANTE\u00a0\u00bb"},"content":{"rendered":"<p><strong><a href=\"http:\/\/www.constantinianorder.net\/wp-content\/uploads\/2015\/11\/IMG_6074.jpg\"><img loading=\"lazy\" decoding=\"async\" class=\"alignleft wp-image-19805\" src=\"http:\/\/www.constantinianorder.net\/wp-content\/uploads\/2015\/11\/IMG_6074-300x200.jpg\" alt=\"IMG_6074\" width=\"262\" height=\"174\" \/><\/a><\/strong><\/p>\n<p><strong>Monreale, 28 octobre 2015<\/strong>. Apr\u00e8s avoir remis le scooter \u00e9lectrique \u00e0 la Caritas dioc\u00e9saine, S.E. le Grand Pr\u00e9fet, S.A.R. le Grand Chancelier, le Secr\u00e9taire de la D\u00e9putation Royale et l\u2019Archev\u00eaque de Monreale, accompagn\u00e9s du D\u00e9l\u00e9gu\u00e9 Vicaire, ont particip\u00e9 \u00e0 la distribution bimensuelle des produits destin\u00e9s \u00e0 la premi\u00e8re enfance, dans le cadre du projet <i>\u00ab\u00a0<\/i>Nouvelles Miettes de Sant\u00e9\u00a0\u00bb, qui s\u2019est d\u00e9roul\u00e9e dans les annexes de l\u2019\u00e9glise constantinienne de Sainte-Marie des Agonisants. Des provisions ont \u00e9t\u00e9 distribu\u00e9es \u00e0 60 enfants environ. La pr\u00e9sence des Grandes Charges a montr\u00e9 une nouvelle fois \u00e0 quel point l\u2019Ordre Constantinien s\u2019engage \u00e0 aider les plus faibles et les plus d\u00e9munis.<\/p>\n<p>&nbsp;<\/p>\n<p><!--more--><\/p>\n<p><a href=\"http:\/\/www.constantinianorder.net\/wp-content\/uploads\/2015\/11\/IMG_6067.jpg\"><img loading=\"lazy\" decoding=\"async\" class=\"alignnone wp-image-19802\" src=\"http:\/\/www.constantinianorder.net\/wp-content\/uploads\/2015\/11\/IMG_6067-300x231.jpg\" alt=\"IMG_6067\" width=\"403\" height=\"310\" \/><\/a><\/p>\n<p><a href=\"http:\/\/www.constantinianorder.net\/wp-content\/uploads\/2015\/11\/IMG_6068.jpg\"><img loading=\"lazy\" decoding=\"async\" class=\"alignnone wp-image-19803\" src=\"http:\/\/www.constantinianorder.net\/wp-content\/uploads\/2015\/11\/IMG_6068-300x200.jpg\" alt=\"IMG_6068\" width=\"402\" height=\"268\" \/><\/a><\/p>\n<p><a href=\"http:\/\/www.constantinianorder.net\/wp-content\/uploads\/2015\/11\/IMG_6073.jpg\"><img loading=\"lazy\" decoding=\"async\" class=\"alignnone wp-image-19804\" src=\"http:\/\/www.constantinianorder.net\/wp-content\/uploads\/2015\/11\/IMG_6073-300x200.jpg\" alt=\"IMG_6073\" width=\"401\" height=\"267\" \/><\/a><\/p>\n<p><a href=\"http:\/\/www.constantinianorder.net\/wp-content\/uploads\/2015\/11\/IMG_6074.jpg\"><img loading=\"lazy\" decoding=\"async\" class=\"alignnone wp-image-19805\" src=\"http:\/\/www.constantinianorder.net\/wp-content\/uploads\/2015\/11\/IMG_6074-300x200.jpg\" alt=\"IMG_6074\" width=\"401\" height=\"267\" \/><\/a><\/p>\n","protected":false},"excerpt":{"rendered":"<p>Monreale, 28 octobre 2015. Apr\u00e8s avoir remis le scooter \u00e9lectrique \u00e0 la Caritas dioc\u00e9saine, S.E. le Grand Pr\u00e9fet, S.A.R. le Grand Chancelier, le Secr\u00e9taire de la D\u00e9putation Royale et l\u2019Archev\u00eaque de Monreale, accompagn\u00e9s du D\u00e9l\u00e9gu\u00e9 Vicaire, ont particip\u00e9 \u00e0 la distribution bimensuelle des produits destin\u00e9s \u00e0 la premi\u00e8re enfance, dans le cadre du projet \u00ab\u00a0Nouvelles [&hellip;]<\/p>\n","protected":false},"author":1,"featured_media":0,"comment_status":"closed","ping_status":"open","sticky":false,"template":"","format":"standard","meta":{"footnotes":""},"categories":[166],"tags":[],"class_list":["post-19831","post","type-post","status-publish","format-standard","hentry","category-delegation-de-la-sicile"],"_links":{"self":[{"href":"https:\/\/svil.constantinianorder.com\/fr\/wp-json\/wp\/v2\/posts\/19831","targetHints":{"allow":["GET"]}}],"collection":[{"href":"https:\/\/svil.constantinianorder.com\/fr\/wp-json\/wp\/v2\/posts"}],"about":[{"href":"https:\/\/svil.constantinianorder.com\/fr\/wp-json\/wp\/v2\/types\/post"}],"author":[{"embeddable":true,"href":"https:\/\/svil.constantinianorder.com\/fr\/wp-json\/wp\/v2\/users\/1"}],"replies":[{"embeddable":true,"href":"https:\/\/svil.constantinianorder.com\/fr\/wp-json\/wp\/v2\/comments?post=19831"}],"version-history":[{"count":1,"href":"https:\/\/svil.constantinianorder.com\/fr\/wp-json\/wp\/v2\/posts\/19831\/revisions"}],"predecessor-version":[{"id":60724,"href":"https:\/\/svil.constantinianorder.com\/fr\/wp-json\/wp\/v2\/posts\/19831\/revisions\/60724"}],"wp:attachment":[{"href":"https:\/\/svil.constantinianorder.com\/fr\/wp-json\/wp\/v2\/media?parent=19831"}],"wp:term":[{"taxonomy":"category","embeddable":true,"href":"https:\/\/svil.constantinianorder.com\/fr\/wp-json\/wp\/v2\/categories?post=19831"},{"taxonomy":"post_tag","embeddable":true,"href":"https:\/\/svil.constantinianorder.com\/fr\/wp-json\/wp\/v2\/tags?post=19831"}],"curies":[{"name":"wp","href":"https:\/\/api.w.org\/{rel}","templated":true}]}}