{"id":19924,"date":"2015-11-06T11:30:59","date_gmt":"2015-11-06T11:30:59","guid":{"rendered":"http:\/\/www.constantinianorder.net\/?p=19924"},"modified":"2026-01-16T16:14:28","modified_gmt":"2026-01-16T16:14:28","slug":"5-anniversaire-de-la-dedicace-de-leglise-san-basilio-magno-de-palerme","status":"publish","type":"post","link":"https:\/\/svil.constantinianorder.com\/fr\/5-anniversaire-de-la-dedicace-de-leglise-san-basilio-magno-de-palerme\/","title":{"rendered":"5 ANNIVERSAIRE DE LA D\u00c9DICACE DE L\u2019\u00c9GLISE SAN BASILIO MAGNO DE PALERME"},"content":{"rendered":"<p><strong><a href=\"http:\/\/www.constantinianorder.net\/wp-content\/uploads\/2015\/11\/IMG_3121.jpg\"><img loading=\"lazy\" decoding=\"async\" class=\"alignleft wp-image-19839\" src=\"http:\/\/www.constantinianorder.net\/wp-content\/uploads\/2015\/11\/IMG_3121-300x225.jpg\" alt=\"IMG_3121\" width=\"256\" height=\"192\" \/><\/a><\/strong><\/p>\n<p><strong>Palerme, 6 novembre 2015.<\/strong> La Sainte Messe de comm\u00e9moration du cinqui\u00e8me anniversaire de la d\u00e9dicace de l\u2019\u00e9glise San Basilio Magno de Palerme a \u00e9t\u00e9 c\u00e9l\u00e9br\u00e9e \u00e0 la paroisse du m\u00eame nom. L\u2019office a \u00e9t\u00e9 pr\u00e9c\u00e9d\u00e9 d\u2019une conf\u00e9rence tenue par Monseigneur Salvatore Lo Monte, D\u00e9l\u00e9gu\u00e9 Archi\u00e9piscopal des confr\u00e9ries et des chancelleries de la Curie palermitaine, au sujet des valeurs symboliques des \u00e9l\u00e9ments architecturaux des \u00e9glises. La d\u00e9l\u00e9gation de Sicile de l\u2019Ordre Constantinien a particip\u00e9 avec un grand int\u00e9r\u00eat \u00e0 l\u2019ensemble de l\u2019\u00e9v\u00e9nement. \u00c9taient pr\u00e9sents, en effet, le Noble D\u00e9l\u00e9gu\u00e9 Vicaire Antonio Di Janni ainsi que les chevaliers S.E. le Pr\u00e9fet Gianfranco Romagnoli, Carmelo Sammarco, Francesco Paolo Guarneri, Fabrizio Sailis, Salvatore Vassallo et la dame Carla Amirante. Les aum\u00f4niers constantiniens P. Giuseppe Di Giovanni, Cur\u00e9 de l\u2019\u00e9glise, et Monseigneur Gino Lo Galbo \u00e9taient \u00e9galement pr\u00e9sents.\u00a0D\u2019apr\u00e8s l\u2019int\u00e9ressante analyse de Monseigneur Lo Monte, l\u2019\u00e9glise doit \u00eatre consid\u00e9r\u00e9e comme un \u00ab\u00a0temple\u00a0\u00bb riche de nombreux \u00e9l\u00e9ments fondamentaux\u00a0: tout d\u2019abord l\u2019autel et le tabernacle, qui repr\u00e9sentent le si\u00e8ge de la communication entre l\u2019humain et le divin\u00a0; le confessionnal\u00a0; le si\u00e8ge du cur\u00e9\u00a0; l\u2019ambon, vu comme l\u2019endroit o\u00f9 la Parole de Dieu joint les deux c\u00f4t\u00e9s (le pr\u00eatre et l\u2019assistance)\u00a0; les statues, consid\u00e9r\u00e9es comme des figures rappelant le transcendant et non comme des purs objets de v\u00e9n\u00e9ration\u00a0; les \u00e9dicules du chemin de croix\u00a0; les cierges, plac\u00e9s aux angles principaux du temple et allum\u00e9s uniquement le jour de l\u2019anniversaire de cet \u00e9v\u00e9nement. Le discours de Monseigneur Lo Monte a \u00e9galement pr\u00e9sent\u00e9 de nombreux encouragements et enseignements, afin de rassembler tous les catholiques autour de la valeur du temple et de les pousser \u00e0 lutter pour un monde meilleur.\u00a0Cette magnifique pr\u00e9sentation a \u00e9t\u00e9 suivie d\u2019une Sainte Messe, pr\u00e9sid\u00e9e par Monseigneur Lo Monte et conc\u00e9l\u00e9br\u00e9e par Don Giuseppe Di Giovanni et Monseigneur Gino Lo Galbo.\u00a0Cet important \u00e9v\u00e9nement a repr\u00e9sent\u00e9, pour les chevaliers constantiniens, une occasion suppl\u00e9mentaire de faire cro\u00eetre et de perfectionner la culture et les valeurs chr\u00e9tiennes, indispensables r\u00e9f\u00e9rences pour la Milice Sacr\u00e9e dont le devoir est de d\u00e9fendre la Foi \u00e0 l\u2019ombre de la Croix.<\/p>\n<p><strong>\u00a0<\/strong><\/p>\n<p>&nbsp;<\/p>\n<p><!--more--><\/p>\n<p><a href=\"http:\/\/www.constantinianorder.net\/wp-content\/uploads\/2015\/11\/IMG_3095.jpg\"><img loading=\"lazy\" decoding=\"async\" class=\"alignnone  wp-image-19836\" src=\"http:\/\/www.constantinianorder.net\/wp-content\/uploads\/2015\/11\/IMG_3095-225x300.jpg\" alt=\"IMG_3095\" width=\"305\" height=\"407\" \/><\/a><\/p>\n<p><a href=\"http:\/\/www.constantinianorder.net\/wp-content\/uploads\/2015\/11\/IMG_3111.jpg\"><img loading=\"lazy\" decoding=\"async\" class=\"alignnone  wp-image-19837\" src=\"http:\/\/www.constantinianorder.net\/wp-content\/uploads\/2015\/11\/IMG_3111-300x225.jpg\" alt=\"IMG_3111\" width=\"419\" height=\"314\" \/><\/a><\/p>\n<p><a href=\"http:\/\/www.constantinianorder.net\/wp-content\/uploads\/2015\/11\/IMG_3119.jpg\"><img loading=\"lazy\" decoding=\"async\" class=\"alignnone  wp-image-19838\" src=\"http:\/\/www.constantinianorder.net\/wp-content\/uploads\/2015\/11\/IMG_3119-300x225.jpg\" alt=\"IMG_3119\" width=\"416\" height=\"312\" \/><\/a><\/p>\n<p><a href=\"http:\/\/www.constantinianorder.net\/wp-content\/uploads\/2015\/11\/IMG_3121.jpg\"><img loading=\"lazy\" decoding=\"async\" class=\"alignnone  wp-image-19839\" src=\"http:\/\/www.constantinianorder.net\/wp-content\/uploads\/2015\/11\/IMG_3121-300x225.jpg\" alt=\"IMG_3121\" width=\"415\" height=\"311\" \/><\/a><\/p>\n<p><a href=\"http:\/\/www.constantinianorder.net\/wp-content\/uploads\/2015\/11\/IMG_6698.jpg\"><img loading=\"lazy\" decoding=\"async\" class=\"alignnone  wp-image-19840\" src=\"http:\/\/www.constantinianorder.net\/wp-content\/uploads\/2015\/11\/IMG_6698-300x225.jpg\" alt=\"IMG_6698\" width=\"413\" height=\"310\" \/><\/a><\/p>\n<p><a href=\"http:\/\/www.constantinianorder.net\/wp-content\/uploads\/2015\/11\/IMG_6707.jpg\"><img loading=\"lazy\" decoding=\"async\" class=\"alignnone  wp-image-19841\" src=\"http:\/\/www.constantinianorder.net\/wp-content\/uploads\/2015\/11\/IMG_6707-300x288.jpg\" alt=\"IMG_6707\" width=\"410\" height=\"393\" \/><\/a><\/p>\n","protected":false},"excerpt":{"rendered":"<p>Palerme, 6 novembre 2015. La Sainte Messe de comm\u00e9moration du cinqui\u00e8me anniversaire de la d\u00e9dicace de l\u2019\u00e9glise San Basilio Magno de Palerme a \u00e9t\u00e9 c\u00e9l\u00e9br\u00e9e \u00e0 la paroisse du m\u00eame nom. L\u2019office a \u00e9t\u00e9 pr\u00e9c\u00e9d\u00e9 d\u2019une conf\u00e9rence tenue par Monseigneur Salvatore Lo Monte, D\u00e9l\u00e9gu\u00e9 Archi\u00e9piscopal des confr\u00e9ries et des chancelleries de la Curie palermitaine, au [&hellip;]<\/p>\n","protected":false},"author":1,"featured_media":0,"comment_status":"closed","ping_status":"open","sticky":false,"template":"","format":"standard","meta":{"footnotes":""},"categories":[166],"tags":[],"class_list":["post-19924","post","type-post","status-publish","format-standard","hentry","category-delegation-de-la-sicile"],"_links":{"self":[{"href":"https:\/\/svil.constantinianorder.com\/fr\/wp-json\/wp\/v2\/posts\/19924","targetHints":{"allow":["GET"]}}],"collection":[{"href":"https:\/\/svil.constantinianorder.com\/fr\/wp-json\/wp\/v2\/posts"}],"about":[{"href":"https:\/\/svil.constantinianorder.com\/fr\/wp-json\/wp\/v2\/types\/post"}],"author":[{"embeddable":true,"href":"https:\/\/svil.constantinianorder.com\/fr\/wp-json\/wp\/v2\/users\/1"}],"replies":[{"embeddable":true,"href":"https:\/\/svil.constantinianorder.com\/fr\/wp-json\/wp\/v2\/comments?post=19924"}],"version-history":[{"count":1,"href":"https:\/\/svil.constantinianorder.com\/fr\/wp-json\/wp\/v2\/posts\/19924\/revisions"}],"predecessor-version":[{"id":60766,"href":"https:\/\/svil.constantinianorder.com\/fr\/wp-json\/wp\/v2\/posts\/19924\/revisions\/60766"}],"wp:attachment":[{"href":"https:\/\/svil.constantinianorder.com\/fr\/wp-json\/wp\/v2\/media?parent=19924"}],"wp:term":[{"taxonomy":"category","embeddable":true,"href":"https:\/\/svil.constantinianorder.com\/fr\/wp-json\/wp\/v2\/categories?post=19924"},{"taxonomy":"post_tag","embeddable":true,"href":"https:\/\/svil.constantinianorder.com\/fr\/wp-json\/wp\/v2\/tags?post=19924"}],"curies":[{"name":"wp","href":"https:\/\/api.w.org\/{rel}","templated":true}]}}