{"id":19980,"date":"2015-11-21T11:20:36","date_gmt":"2015-11-21T11:20:36","guid":{"rendered":"http:\/\/www.constantinianorder.net\/?p=19980"},"modified":"2026-01-16T16:14:53","modified_gmt":"2026-01-16T16:14:53","slug":"semaine-de-la-solidarite-la-faim-de-notre-voisin-4","status":"publish","type":"post","link":"https:\/\/svil.constantinianorder.com\/fr\/semaine-de-la-solidarite-la-faim-de-notre-voisin-4\/","title":{"rendered":"Semaine de la solidarit\u00e9 \u2013 \u00ab La faim de notre voisin \u00bb"},"content":{"rendered":"<p><strong><a href=\"http:\/\/www.constantinianorder.net\/wp-content\/uploads\/2015\/11\/immag5.png\"><img loading=\"lazy\" decoding=\"async\" class=\"alignleft wp-image-19887\" src=\"http:\/\/www.constantinianorder.net\/wp-content\/uploads\/2015\/11\/immag5-300x199.png\" alt=\"immag5\" width=\"271\" height=\"180\" \/><\/a><\/strong><\/p>\n<p><strong>Giffone, 21 novembre 2015<\/strong>. La \u00ab\u00a0Semaine de la solidarit\u00e9 \u2013 La faim de notre voisin\u00a0\u00bb a d\u00e9marr\u00e9 dans le village riant de Giffone, petite commune de la province de Reggio de Calabre, situ\u00e9e entre l\u2019Aspromonte et les Serre Calabre. Ce projet solidaire, organis\u00e9 par la D\u00e9l\u00e9gation de Calabre en faveur des personnes indigentes de la r\u00e9gion, a \u00e9t\u00e9 rendu possible gr\u00e2ce \u00e0 l\u2019important don de biens de premi\u00e8re n\u00e9cessit\u00e9 de la part d\u2019Esselunga S.p.A., une des principales cha\u00eenes italiennes du secteur de la grande distribution organis\u00e9e. Le tout, rappelons-le, gr\u00e2ce \u00e0 la grande sensibilit\u00e9 de notre Grand Pr\u00e9fet, S.E. l\u2019Ambassadeur Augusto Ruffo di Calabria dei Principi di Scilla, d\u00e9montr\u00e9e \u00e0 l\u2019\u00e9gard de la r\u00e9gion la plus pauvre d\u2019Italie. L\u2019acte symbolique du don (les biens venaient d\u2019\u00eatre livr\u00e9s aux b\u00e9n\u00e9voles de la Paroisse) a \u00e9t\u00e9 \u00e9tabli \u00e0 travers la c\u00e9l\u00e9bration d\u2019une Sainte Messe tenue au sein de l\u2019\u00c9glise de <em>Santa Maria del Soccorso<\/em>, bond\u00e9e pour l\u2019occasion. \u00c9taient pr\u00e9sents \u00e0 la c\u00e9r\u00e9monie le D\u00e9l\u00e9gu\u00e9 Vicaire, Commandeur de M\u00e9rite avec Plaque,\u00a0 M. Aurelio Badolati, les Chevaliers de M\u00e9rite Rocco Gatto et Pasqualino Guerrisi, le coordinateur des Bienfaiteurs de la D\u00e9l\u00e9gation, Roberto Bendini, ainsi que les repr\u00e9sentants des institutions civiles et militaires. Au cours de l\u2019office religieux conc\u00e9l\u00e9br\u00e9 par Don Elia Longo et par le cur\u00e9 Don Salvatore Tucci, ce dernier, apr\u00e8s avoir remerci\u00e9 notre Ordre, a utilis\u00e9 une p\u00e9riphrase en se tournant vers la statue en bois de la Madone du Saint Secours, datant du XVIII<sup>e <\/sup>si\u00e8cle, pour souligner le fait que \u00ab\u00a0la Madone ait voulu secourir les nombreux paroissiens indigents, intervenant ainsi en faveur de cet important don\u00a0\u00bb.<\/p>\n<p>Prochain rendez-vous \u00e0 San Ferdinando (RC).<\/p>\n<p><strong>\u00a0<\/strong><\/p>\n<p>&nbsp;<\/p>\n<p><!--more--><\/p>\n<p>&nbsp;<\/p>\n<p><a href=\"http:\/\/www.constantinianorder.net\/wp-content\/uploads\/2015\/11\/immag1.png\"><img loading=\"lazy\" decoding=\"async\" class=\"alignnone wp-image-19883\" src=\"http:\/\/www.constantinianorder.net\/wp-content\/uploads\/2015\/11\/immag1-300x199.png\" alt=\"immag1\" width=\"398\" height=\"264\" \/><\/a><\/p>\n<p><a href=\"http:\/\/www.constantinianorder.net\/wp-content\/uploads\/2015\/11\/immag2.png\"><img loading=\"lazy\" decoding=\"async\" class=\"alignnone wp-image-19884\" src=\"http:\/\/www.constantinianorder.net\/wp-content\/uploads\/2015\/11\/immag2-300x199.png\" alt=\"immag2\" width=\"395\" height=\"262\" \/><\/a><\/p>\n<p><a href=\"http:\/\/www.constantinianorder.net\/wp-content\/uploads\/2015\/11\/immag3.png\"><img loading=\"lazy\" decoding=\"async\" class=\"alignnone wp-image-19885\" src=\"http:\/\/www.constantinianorder.net\/wp-content\/uploads\/2015\/11\/immag3-300x199.png\" alt=\"immag3\" width=\"393\" height=\"261\" \/><\/a><\/p>\n<p><a href=\"http:\/\/www.constantinianorder.net\/wp-content\/uploads\/2015\/11\/immag4.png\"><img loading=\"lazy\" decoding=\"async\" class=\"alignnone wp-image-19886\" src=\"http:\/\/www.constantinianorder.net\/wp-content\/uploads\/2015\/11\/immag4-300x199.png\" alt=\"immag4\" width=\"392\" height=\"260\" \/><\/a><\/p>\n<p><a href=\"http:\/\/www.constantinianorder.net\/wp-content\/uploads\/2015\/11\/immag5.png\"><img loading=\"lazy\" decoding=\"async\" class=\"alignnone wp-image-19887\" src=\"http:\/\/www.constantinianorder.net\/wp-content\/uploads\/2015\/11\/immag5-300x199.png\" alt=\"immag5\" width=\"392\" height=\"260\" \/><\/a><\/p>\n<p><a href=\"http:\/\/www.constantinianorder.net\/wp-content\/uploads\/2015\/11\/immag6.png\"><img loading=\"lazy\" decoding=\"async\" class=\"alignnone wp-image-19888\" src=\"http:\/\/www.constantinianorder.net\/wp-content\/uploads\/2015\/11\/immag6-300x199.png\" alt=\"immag6\" width=\"390\" height=\"259\" \/><\/a><\/p>\n<p><a href=\"http:\/\/www.constantinianorder.net\/wp-content\/uploads\/2015\/11\/immag7.jpg\"><img loading=\"lazy\" decoding=\"async\" class=\"alignnone wp-image-19889\" src=\"http:\/\/www.constantinianorder.net\/wp-content\/uploads\/2015\/11\/immag7-300x199.jpg\" alt=\"immag7\" width=\"387\" height=\"257\" \/><\/a><\/p>\n<p><a href=\"http:\/\/www.constantinianorder.net\/wp-content\/uploads\/2015\/11\/immag8.png\"><img loading=\"lazy\" decoding=\"async\" class=\"alignnone wp-image-19890\" src=\"http:\/\/www.constantinianorder.net\/wp-content\/uploads\/2015\/11\/immag8-300x199.png\" alt=\"immag8\" width=\"386\" height=\"256\" \/><\/a><\/p>\n","protected":false},"excerpt":{"rendered":"<p>Giffone, 21 novembre 2015. La \u00ab\u00a0Semaine de la solidarit\u00e9 \u2013 La faim de notre voisin\u00a0\u00bb a d\u00e9marr\u00e9 dans le village riant de Giffone, petite commune de la province de Reggio de Calabre, situ\u00e9e entre l\u2019Aspromonte et les Serre Calabre. Ce projet solidaire, organis\u00e9 par la D\u00e9l\u00e9gation de Calabre en faveur des personnes indigentes de la [&hellip;]<\/p>\n","protected":false},"author":1,"featured_media":0,"comment_status":"closed","ping_status":"open","sticky":false,"template":"","format":"standard","meta":{"footnotes":""},"categories":[160],"tags":[],"class_list":["post-19980","post","type-post","status-publish","format-standard","hentry","category-delegation-de-la-calabre"],"_links":{"self":[{"href":"https:\/\/svil.constantinianorder.com\/fr\/wp-json\/wp\/v2\/posts\/19980","targetHints":{"allow":["GET"]}}],"collection":[{"href":"https:\/\/svil.constantinianorder.com\/fr\/wp-json\/wp\/v2\/posts"}],"about":[{"href":"https:\/\/svil.constantinianorder.com\/fr\/wp-json\/wp\/v2\/types\/post"}],"author":[{"embeddable":true,"href":"https:\/\/svil.constantinianorder.com\/fr\/wp-json\/wp\/v2\/users\/1"}],"replies":[{"embeddable":true,"href":"https:\/\/svil.constantinianorder.com\/fr\/wp-json\/wp\/v2\/comments?post=19980"}],"version-history":[{"count":1,"href":"https:\/\/svil.constantinianorder.com\/fr\/wp-json\/wp\/v2\/posts\/19980\/revisions"}],"predecessor-version":[{"id":60817,"href":"https:\/\/svil.constantinianorder.com\/fr\/wp-json\/wp\/v2\/posts\/19980\/revisions\/60817"}],"wp:attachment":[{"href":"https:\/\/svil.constantinianorder.com\/fr\/wp-json\/wp\/v2\/media?parent=19980"}],"wp:term":[{"taxonomy":"category","embeddable":true,"href":"https:\/\/svil.constantinianorder.com\/fr\/wp-json\/wp\/v2\/categories?post=19980"},{"taxonomy":"post_tag","embeddable":true,"href":"https:\/\/svil.constantinianorder.com\/fr\/wp-json\/wp\/v2\/tags?post=19980"}],"curies":[{"name":"wp","href":"https:\/\/api.w.org\/{rel}","templated":true}]}}