{"id":20098,"date":"2015-11-27T10:25:34","date_gmt":"2015-11-27T10:25:34","guid":{"rendered":"http:\/\/www.constantinianorder.net\/?p=20098"},"modified":"2026-01-16T16:15:11","modified_gmt":"2026-01-16T16:15:11","slug":"conference-sur-les-dernieres-annees-du-royaume-des-deux-siciles","status":"publish","type":"post","link":"https:\/\/svil.constantinianorder.com\/fr\/conference-sur-les-dernieres-annees-du-royaume-des-deux-siciles\/","title":{"rendered":"CONF\u00c9RENCE SUR LES DERNI\u00c8RES ANN\u00c9ES DU ROYAUME DES DEUX-SICILES"},"content":{"rendered":"<p><strong><a href=\"http:\/\/www.constantinianorder.net\/wp-content\/uploads\/2015\/12\/IMG_3273.jpg\"><img loading=\"lazy\" decoding=\"async\" class=\"alignleft wp-image-19955\" src=\"http:\/\/www.constantinianorder.net\/wp-content\/uploads\/2015\/12\/IMG_3273-300x225.jpg\" alt=\"IMG_3273\" width=\"260\" height=\"195\" \/><\/a><\/strong><\/p>\n<p><strong>Palerme<\/strong><strong>, 27 novembre 2015<\/strong>. Le vendredi 27 novembre, dans les locaux de l\u2019H\u00f4tel San Paolo Palace de Palerme, s\u2019est tenue la conf\u00e9rence intitul\u00e9e \u00ab\u00a0Les derni\u00e8res ann\u00e9es du Royaume des Deux-Siciles\u00a0\u00e0 travers la chronique de Monseigneur Del Pozzo et la bibliographie de S.A.R. le Prince Alphonse de Bourbon des Deux-Siciles\u00a0\u00bb. Monsieur le Professeur Manlio Corselli, enseignant de Philosophie Politique \u00e0 l\u2019Universit\u00e9 de Palerme, et l\u2019historien M. Maurizio Di Giovine \u00e9taient les intervenants. Le r\u00f4le d\u2019animateur a \u00e9t\u00e9 jou\u00e9 par M. Antonio Di Janni, D\u00e9l\u00e9gu\u00e9 Vicaire de la D\u00e9l\u00e9gation de Sicile de l\u2019Ordre Constantinien.\u00a0Faisait partie de l\u2019assistance le d\u00e9l\u00e9gu\u00e9 de Sicile de l\u2019Ordre Souverain Militaire de Malte, le Baron Vincenzo Calefati di Canalotti. \u00c9tait \u00e9galement pr\u00e9sent, en tant que repr\u00e9sentant de l\u2019\u00c9cole Militaire Nunziatella, le G\u00e9n\u00e9ral Antonio Iovane.\u00a0Au terme de la pr\u00e9sentation, un d\u00e9bat tr\u00e8s int\u00e9ressant a eu lieu sur la derni\u00e8re partie de l\u2019histoire bourbonienne de notre terre.<\/p>\n<p>&nbsp;<\/p>\n<p><strong>\u00a0<\/strong><\/p>\n<p>&nbsp;<\/p>\n<p><!--more--><\/p>\n<p><a href=\"http:\/\/www.constantinianorder.net\/wp-content\/uploads\/2015\/12\/IMG_3259.jpg\"><img loading=\"lazy\" decoding=\"async\" class=\"alignnone  wp-image-19952\" src=\"http:\/\/www.constantinianorder.net\/wp-content\/uploads\/2015\/12\/IMG_3259-300x225.jpg\" alt=\"IMG_3259\" width=\"400\" height=\"300\" \/><\/a><\/p>\n<p><a href=\"http:\/\/www.constantinianorder.net\/wp-content\/uploads\/2015\/12\/IMG_3262.jpg\"><img loading=\"lazy\" decoding=\"async\" class=\"alignnone  wp-image-19953\" src=\"http:\/\/www.constantinianorder.net\/wp-content\/uploads\/2015\/12\/IMG_3262-225x300.jpg\" alt=\"IMG_3262\" width=\"299\" height=\"399\" \/><\/a><\/p>\n<p><a href=\"http:\/\/www.constantinianorder.net\/wp-content\/uploads\/2015\/12\/IMG_3266.jpg\"><img loading=\"lazy\" decoding=\"async\" class=\"alignnone  wp-image-19954\" src=\"http:\/\/www.constantinianorder.net\/wp-content\/uploads\/2015\/12\/IMG_3266-300x225.jpg\" alt=\"IMG_3266\" width=\"405\" height=\"304\" \/><\/a><\/p>\n<p><a href=\"http:\/\/www.constantinianorder.net\/wp-content\/uploads\/2015\/12\/IMG_3273.jpg\"><img loading=\"lazy\" decoding=\"async\" class=\"alignnone  wp-image-19955\" src=\"http:\/\/www.constantinianorder.net\/wp-content\/uploads\/2015\/12\/IMG_3273-300x225.jpg\" alt=\"IMG_3273\" width=\"403\" height=\"302\" \/><\/a><\/p>\n<p><a href=\"http:\/\/www.constantinianorder.net\/wp-content\/uploads\/2015\/12\/IMG_3277.jpg\"><img loading=\"lazy\" decoding=\"async\" class=\"alignnone  wp-image-19956\" src=\"http:\/\/www.constantinianorder.net\/wp-content\/uploads\/2015\/12\/IMG_3277-300x225.jpg\" alt=\"IMG_3277\" width=\"400\" height=\"300\" \/><\/a><\/p>\n<p><a href=\"http:\/\/www.constantinianorder.net\/wp-content\/uploads\/2015\/12\/IMG_5619.jpg\"><img loading=\"lazy\" decoding=\"async\" class=\"alignnone  wp-image-19957\" src=\"http:\/\/www.constantinianorder.net\/wp-content\/uploads\/2015\/12\/IMG_5619-300x169.jpg\" alt=\"IMG_5619\" width=\"399\" height=\"225\" \/><\/a><\/p>\n","protected":false},"excerpt":{"rendered":"<p>Palerme, 27 novembre 2015. Le vendredi 27 novembre, dans les locaux de l\u2019H\u00f4tel San Paolo Palace de Palerme, s\u2019est tenue la conf\u00e9rence intitul\u00e9e \u00ab\u00a0Les derni\u00e8res ann\u00e9es du Royaume des Deux-Siciles\u00a0\u00e0 travers la chronique de Monseigneur Del Pozzo et la bibliographie de S.A.R. le Prince Alphonse de Bourbon des Deux-Siciles\u00a0\u00bb. Monsieur le Professeur Manlio Corselli, enseignant [&hellip;]<\/p>\n","protected":false},"author":1,"featured_media":0,"comment_status":"closed","ping_status":"open","sticky":false,"template":"","format":"standard","meta":{"footnotes":""},"categories":[166],"tags":[],"class_list":["post-20098","post","type-post","status-publish","format-standard","hentry","category-delegation-de-la-sicile"],"_links":{"self":[{"href":"https:\/\/svil.constantinianorder.com\/fr\/wp-json\/wp\/v2\/posts\/20098","targetHints":{"allow":["GET"]}}],"collection":[{"href":"https:\/\/svil.constantinianorder.com\/fr\/wp-json\/wp\/v2\/posts"}],"about":[{"href":"https:\/\/svil.constantinianorder.com\/fr\/wp-json\/wp\/v2\/types\/post"}],"author":[{"embeddable":true,"href":"https:\/\/svil.constantinianorder.com\/fr\/wp-json\/wp\/v2\/users\/1"}],"replies":[{"embeddable":true,"href":"https:\/\/svil.constantinianorder.com\/fr\/wp-json\/wp\/v2\/comments?post=20098"}],"version-history":[{"count":1,"href":"https:\/\/svil.constantinianorder.com\/fr\/wp-json\/wp\/v2\/posts\/20098\/revisions"}],"predecessor-version":[{"id":60862,"href":"https:\/\/svil.constantinianorder.com\/fr\/wp-json\/wp\/v2\/posts\/20098\/revisions\/60862"}],"wp:attachment":[{"href":"https:\/\/svil.constantinianorder.com\/fr\/wp-json\/wp\/v2\/media?parent=20098"}],"wp:term":[{"taxonomy":"category","embeddable":true,"href":"https:\/\/svil.constantinianorder.com\/fr\/wp-json\/wp\/v2\/categories?post=20098"},{"taxonomy":"post_tag","embeddable":true,"href":"https:\/\/svil.constantinianorder.com\/fr\/wp-json\/wp\/v2\/tags?post=20098"}],"curies":[{"name":"wp","href":"https:\/\/api.w.org\/{rel}","templated":true}]}}