{"id":20320,"date":"2015-11-10T13:09:30","date_gmt":"2015-11-10T13:09:30","guid":{"rendered":"http:\/\/www.constantinianorder.net\/?p=20320"},"modified":"2026-01-16T16:14:33","modified_gmt":"2026-01-16T16:14:33","slug":"accord-signe-avec-lassociation-notre-napule-a-visionaire-pour-la-realisation-de-projets-culturels-et-sociaux-entre-naples-et-la-provence","status":"publish","type":"post","link":"https:\/\/svil.constantinianorder.com\/fr\/accord-signe-avec-lassociation-notre-napule-a-visionaire-pour-la-realisation-de-projets-culturels-et-sociaux-entre-naples-et-la-provence\/","title":{"rendered":"ACCORD SIGN\u00c9 AVEC L\u2019ASSOCIATION \u00ab Notre Napule \u2019a Visionaire \u00bb POUR LA R\u00c9ALISATION DE PROJETS CULTURELS ET SOCIAUX ENTRE NAPLES ET LA PROVENCE"},"content":{"rendered":"<p><strong><a href=\"http:\/\/www.constantinianorder.net\/wp-content\/uploads\/2015\/12\/foto2.jpg\"><img loading=\"lazy\" decoding=\"async\" class=\"alignleft wp-image-20111\" src=\"http:\/\/www.constantinianorder.net\/wp-content\/uploads\/2015\/12\/foto2-300x159.jpg\" alt=\"foto2\" width=\"270\" height=\"143\" \/><\/a><\/strong><\/p>\n<p><strong>Naples, 10 novembre 2015<\/strong>. Un accord a \u00e9t\u00e9 sign\u00e9 avec l\u2019Association \u00ab\u00a0Notre Napule \u2019a Visionaire\u00a0\u00bb pour la r\u00e9alisation de projets culturels et sociaux communs. L\u2019objectif de cet accord est une collaboration visant \u00e0 encourager les rencontres culturelles entre Naples et la Provence, en r\u00e9f\u00e9rence \u00e0 la p\u00e9riode angevine. En effet, la ville de Naples pr\u00e9sente de nombreux t\u00e9moignages de cette p\u00e9riode comme, par exemple, le buste de San Gennaro, qui fut justement r\u00e9alis\u00e9 par deux orf\u00e8vres proven\u00e7aux. Les traditions napolitaines perdurent et prosp\u00e8rent \u00e9galement en Provence, dans le chant comme dans la nourriture, ou dans les assonances entre le dialecte napolitain et le dialecte proven\u00e7al.<\/p>\n<p>&nbsp;<\/p>\n<p><!--more--><\/p>\n<p><a href=\"http:\/\/www.constantinianorder.net\/wp-content\/uploads\/2015\/12\/foto2.jpg\"><img loading=\"lazy\" decoding=\"async\" class=\"alignnone wp-image-20111\" src=\"http:\/\/www.constantinianorder.net\/wp-content\/uploads\/2015\/12\/foto2-300x159.jpg\" alt=\"foto2\" width=\"436\" height=\"231\" \/><\/a><\/p>\n","protected":false},"excerpt":{"rendered":"<p>Naples, 10 novembre 2015. Un accord a \u00e9t\u00e9 sign\u00e9 avec l\u2019Association \u00ab\u00a0Notre Napule \u2019a Visionaire\u00a0\u00bb pour la r\u00e9alisation de projets culturels et sociaux communs. L\u2019objectif de cet accord est une collaboration visant \u00e0 encourager les rencontres culturelles entre Naples et la Provence, en r\u00e9f\u00e9rence \u00e0 la p\u00e9riode angevine. En effet, la ville de Naples pr\u00e9sente [&hellip;]<\/p>\n","protected":false},"author":1,"featured_media":0,"comment_status":"closed","ping_status":"open","sticky":false,"template":"","format":"standard","meta":{"footnotes":""},"categories":[182],"tags":[],"class_list":["post-20320","post","type-post","status-publish","format-standard","hentry","category-delegation-de-campanie"],"_links":{"self":[{"href":"https:\/\/svil.constantinianorder.com\/fr\/wp-json\/wp\/v2\/posts\/20320","targetHints":{"allow":["GET"]}}],"collection":[{"href":"https:\/\/svil.constantinianorder.com\/fr\/wp-json\/wp\/v2\/posts"}],"about":[{"href":"https:\/\/svil.constantinianorder.com\/fr\/wp-json\/wp\/v2\/types\/post"}],"author":[{"embeddable":true,"href":"https:\/\/svil.constantinianorder.com\/fr\/wp-json\/wp\/v2\/users\/1"}],"replies":[{"embeddable":true,"href":"https:\/\/svil.constantinianorder.com\/fr\/wp-json\/wp\/v2\/comments?post=20320"}],"version-history":[{"count":1,"href":"https:\/\/svil.constantinianorder.com\/fr\/wp-json\/wp\/v2\/posts\/20320\/revisions"}],"predecessor-version":[{"id":60780,"href":"https:\/\/svil.constantinianorder.com\/fr\/wp-json\/wp\/v2\/posts\/20320\/revisions\/60780"}],"wp:attachment":[{"href":"https:\/\/svil.constantinianorder.com\/fr\/wp-json\/wp\/v2\/media?parent=20320"}],"wp:term":[{"taxonomy":"category","embeddable":true,"href":"https:\/\/svil.constantinianorder.com\/fr\/wp-json\/wp\/v2\/categories?post=20320"},{"taxonomy":"post_tag","embeddable":true,"href":"https:\/\/svil.constantinianorder.com\/fr\/wp-json\/wp\/v2\/tags?post=20320"}],"curies":[{"name":"wp","href":"https:\/\/api.w.org\/{rel}","templated":true}]}}