{"id":20325,"date":"2015-11-19T13:55:21","date_gmt":"2015-11-19T13:55:21","guid":{"rendered":"http:\/\/www.constantinianorder.net\/?p=20325"},"modified":"2026-01-16T16:14:57","modified_gmt":"2026-01-16T16:14:57","slug":"reunion-pour-la-creation-dun-groupe-de-dames-et-de-chevaliers-au-sein-de-la-delegation-de-caserte","status":"publish","type":"post","link":"https:\/\/svil.constantinianorder.com\/fr\/reunion-pour-la-creation-dun-groupe-de-dames-et-de-chevaliers-au-sein-de-la-delegation-de-caserte\/","title":{"rendered":"R\u00c9UNION POUR LA CR\u00c9ATION D\u2019UN GROUPE DE DAMES ET DE CHEVALIERS AU SEIN DE LA D\u00c9L\u00c9GATION DE CASERTE"},"content":{"rendered":"<p><strong><a href=\"http:\/\/www.constantinianorder.net\/wp-content\/uploads\/2015\/12\/foto8.jpg\"><img loading=\"lazy\" decoding=\"async\" class=\"alignleft wp-image-20122\" src=\"http:\/\/www.constantinianorder.net\/wp-content\/uploads\/2015\/12\/foto8-300x169.jpg\" alt=\"foto8\" width=\"277\" height=\"156\" \/><\/a><\/strong><\/p>\n<p><strong>Caserte, 19 novembre 2015<\/strong>. Les Chevaliers de l\u2019Ordre Sacr\u00e9 et Militaire Constantinien de Saint-Georges de la Terre de Labour se sont r\u00e9unis. En introduction, le D\u00e9l\u00e9gu\u00e9 Marquis Pierluigi Sanfelice di Bagnoli a mis l\u2019accent sur son d\u00e9sir de voir na\u00eetre au sein de la d\u00e9l\u00e9gation de Caserte un groupe de Dames et de Chevaliers op\u00e9rationnel et ayant une attitude constructive, souhaitant ainsi la naissance d\u2019un si\u00e8ge \u00ab\u00a0satellite\u00a0\u00bb du si\u00e8ge central de Naples, qui puisse reprendre \u00e0 court terme les m\u00eames projets cr\u00e9\u00e9s dans le chef-lieu de la Campanie, en partant des \u0153uvres de bienfaisance envers les associations b\u00e9n\u00e9voles du territoire d\u00e9partemental \u2013 comme la Caritas dioc\u00e9saine \u2013 et en finissant par la cr\u00e9ation d\u2019un dispensaire destin\u00e9 aux personnes indigentes. Sont intervenus activement, en fournissant de nombreuses propositions d\u2019actions, les Chevaliers Francesco Salemi, Alberto Zaza d\u2019Aulisio, Giancarlo Rinaldi et Romano Naschi.<\/p>\n<p><strong>\u00a0<\/strong><\/p>\n<p>&nbsp;<\/p>\n<p><!--more--><\/p>\n<p><a href=\"http:\/\/www.constantinianorder.net\/wp-content\/uploads\/2015\/12\/foto8.jpg\"><img loading=\"lazy\" decoding=\"async\" class=\"alignnone wp-image-20122\" src=\"http:\/\/www.constantinianorder.net\/wp-content\/uploads\/2015\/12\/foto8-300x169.jpg\" alt=\"foto8\" width=\"396\" height=\"223\" \/><\/a><\/p>\n","protected":false},"excerpt":{"rendered":"<p>Caserte, 19 novembre 2015. Les Chevaliers de l\u2019Ordre Sacr\u00e9 et Militaire Constantinien de Saint-Georges de la Terre de Labour se sont r\u00e9unis. En introduction, le D\u00e9l\u00e9gu\u00e9 Marquis Pierluigi Sanfelice di Bagnoli a mis l\u2019accent sur son d\u00e9sir de voir na\u00eetre au sein de la d\u00e9l\u00e9gation de Caserte un groupe de Dames et de Chevaliers op\u00e9rationnel [&hellip;]<\/p>\n","protected":false},"author":1,"featured_media":0,"comment_status":"closed","ping_status":"open","sticky":false,"template":"","format":"standard","meta":{"footnotes":""},"categories":[182,180],"tags":[],"class_list":["post-20325","post","type-post","status-publish","format-standard","hentry","category-delegation-de-campanie","category-delegazione-della-campania"],"_links":{"self":[{"href":"https:\/\/svil.constantinianorder.com\/fr\/wp-json\/wp\/v2\/posts\/20325","targetHints":{"allow":["GET"]}}],"collection":[{"href":"https:\/\/svil.constantinianorder.com\/fr\/wp-json\/wp\/v2\/posts"}],"about":[{"href":"https:\/\/svil.constantinianorder.com\/fr\/wp-json\/wp\/v2\/types\/post"}],"author":[{"embeddable":true,"href":"https:\/\/svil.constantinianorder.com\/fr\/wp-json\/wp\/v2\/users\/1"}],"replies":[{"embeddable":true,"href":"https:\/\/svil.constantinianorder.com\/fr\/wp-json\/wp\/v2\/comments?post=20325"}],"version-history":[{"count":1,"href":"https:\/\/svil.constantinianorder.com\/fr\/wp-json\/wp\/v2\/posts\/20325\/revisions"}],"predecessor-version":[{"id":60828,"href":"https:\/\/svil.constantinianorder.com\/fr\/wp-json\/wp\/v2\/posts\/20325\/revisions\/60828"}],"wp:attachment":[{"href":"https:\/\/svil.constantinianorder.com\/fr\/wp-json\/wp\/v2\/media?parent=20325"}],"wp:term":[{"taxonomy":"category","embeddable":true,"href":"https:\/\/svil.constantinianorder.com\/fr\/wp-json\/wp\/v2\/categories?post=20325"},{"taxonomy":"post_tag","embeddable":true,"href":"https:\/\/svil.constantinianorder.com\/fr\/wp-json\/wp\/v2\/tags?post=20325"}],"curies":[{"name":"wp","href":"https:\/\/api.w.org\/{rel}","templated":true}]}}